{"id":198656,"date":"2023-09-19T07:00:00","date_gmt":"2023-09-19T05:00:00","guid":{"rendered":"https:\/\/www.tucomarca.com\/wordpress\/segunda\/?p=198656"},"modified":"2023-09-18T19:53:47","modified_gmt":"2023-09-18T17:53:47","slug":"video-recordamos-como-los-calderos-tomaron-la-avenida-rafael-ridaura-en-el-concurso-de-gazpacho-de-la-feria-y-fiestas-2023-de-bunol","status":"publish","type":"post","link":"https:\/\/www.tucomarca.com\/wordpress\/segunda\/video-recordamos-como-los-calderos-tomaron-la-avenida-rafael-ridaura-en-el-concurso-de-gazpacho-de-la-feria-y-fiestas-2023-de-bunol\/","title":{"rendered":"V\u00eddeo: recordamos c\u00f3mo los calderos tomaron la Avenida Rafael Ridaura en el concurso de gazpacho de la Feria y Fiestas 2023 de Bu\u00f1ol"},"content":{"rendered":"\n<figure class=\"wp-block-embed is-type-video is-provider-youtube wp-block-embed-youtube wp-embed-aspect-16-9 wp-has-aspect-ratio\"><div class=\"wp-block-embed__wrapper\">\n<iframe loading=\"lazy\" title=\"V\u00eddeo: los calderos toman la Avenida Rafael Ridaura en el concurso de gazpacho de la Feria de Bu\u00f1ol\" width=\"500\" height=\"281\" src=\"https:\/\/www.youtube.com\/embed\/Kq7YfL1BJGQ?feature=oembed\" frameborder=\"0\" allow=\"accelerometer; autoplay; clipboard-write; encrypted-media; gyroscope; picture-in-picture; web-share\" referrerpolicy=\"strict-origin-when-cross-origin\" allowfullscreen><\/iframe>\n<\/div><\/figure>\n\n\n\n<p>Aqu\u00ed os dejamos un v\u00eddeo elaborado por <strong>tucomarca televisi\u00f3n<\/strong> con las im\u00e1genes que nos dej\u00f3 la \u00faltima edici\u00f3n del muy popular concurso de gazpacho de la Feria y Fiestas de Bu\u00f1ol, que este a\u00f1o ha vuelto a reunir a cientos de participantes en la Avenida de Rafael Ridaura de la localidad, que se ha vuelto a llenar de calderos y hogueras para cocinar este guiso tan tradicional del interior de la provincia de Valencia.<\/p>\n","protected":false},"excerpt":{"rendered":"<div class=\"mh-excerpt\">Aqu\u00ed os dejamos un v\u00eddeo elaborado por tucomarca televisi\u00f3n con las im\u00e1genes que nos dej\u00f3 la \u00faltima edici\u00f3n del muy popular concurso de gazpacho de la Feria y Fiestas de Bu\u00f1ol, que este a\u00f1o ha <a class=\"mh-excerpt-more\" href=\"https:\/\/www.tucomarca.com\/wordpress\/segunda\/video-recordamos-como-los-calderos-tomaron-la-avenida-rafael-ridaura-en-el-concurso-de-gazpacho-de-la-feria-y-fiestas-2023-de-bunol\/\" title=\"V\u00eddeo: recordamos c\u00f3mo los calderos tomaron la Avenida Rafael Ridaura en el concurso de gazpacho de la Feria y Fiestas 2023 de Bu\u00f1ol\">[+] <\/a><\/div>\n","protected":false},"author":1,"featured_media":198658,"comment_status":"open","ping_status":"open","sticky":false,"template":"","format":"video","meta":{"footnotes":""},"categories":[18,8,72,10,5,7,383,3,45,26],"tags":[17324,10385,1669,5952],"class_list":{"0":"post-198656","1":"post","2":"type-post","3":"status-publish","4":"format-video","5":"has-post-thumbnail","7":"category-bunol","8":"category-la-comarca","9":"category-sin-categorizar","10":"category-la-hoya","11":"category-la-semana-en-imagenes","12":"category-ocio-y-cultura","13":"category-pueblos-en-fiestas","14":"category-seccion","15":"category-ventana","16":"category-video","17":"tag-17324","18":"tag-bunol","19":"tag-feria-y-fiestas","20":"tag-la-hoya-de-bunol-chiva","21":"post_format-post-format-video"},"_links":{"self":[{"href":"https:\/\/www.tucomarca.com\/wordpress\/segunda\/wp-json\/wp\/v2\/posts\/198656","targetHints":{"allow":["GET"]}}],"collection":[{"href":"https:\/\/www.tucomarca.com\/wordpress\/segunda\/wp-json\/wp\/v2\/posts"}],"about":[{"href":"https:\/\/www.tucomarca.com\/wordpress\/segunda\/wp-json\/wp\/v2\/types\/post"}],"author":[{"embeddable":true,"href":"https:\/\/www.tucomarca.com\/wordpress\/segunda\/wp-json\/wp\/v2\/users\/1"}],"replies":[{"embeddable":true,"href":"https:\/\/www.tucomarca.com\/wordpress\/segunda\/wp-json\/wp\/v2\/comments?post=198656"}],"version-history":[{"count":0,"href":"https:\/\/www.tucomarca.com\/wordpress\/segunda\/wp-json\/wp\/v2\/posts\/198656\/revisions"}],"wp:featuredmedia":[{"embeddable":true,"href":"https:\/\/www.tucomarca.com\/wordpress\/segunda\/wp-json\/wp\/v2\/media\/198658"}],"wp:attachment":[{"href":"https:\/\/www.tucomarca.com\/wordpress\/segunda\/wp-json\/wp\/v2\/media?parent=198656"}],"wp:term":[{"taxonomy":"category","embeddable":true,"href":"https:\/\/www.tucomarca.com\/wordpress\/segunda\/wp-json\/wp\/v2\/categories?post=198656"},{"taxonomy":"post_tag","embeddable":true,"href":"https:\/\/www.tucomarca.com\/wordpress\/segunda\/wp-json\/wp\/v2\/tags?post=198656"}],"curies":[{"name":"wp","href":"https:\/\/api.w.org\/{rel}","templated":true}]}}