{"id":198747,"date":"2023-09-20T07:07:00","date_gmt":"2023-09-20T05:07:00","guid":{"rendered":"https:\/\/www.tucomarca.com\/wordpress\/segunda\/?p=198747"},"modified":"2023-09-18T21:15:56","modified_gmt":"2023-09-18T19:15:56","slug":"video-el-traslado-de-san-luis-a-su-ermita-pone-el-punto-y-final-a-la-feria-y-fiestas-2022-en-bunol","status":"publish","type":"post","link":"https:\/\/www.tucomarca.com\/wordpress\/segunda\/video-el-traslado-de-san-luis-a-su-ermita-pone-el-punto-y-final-a-la-feria-y-fiestas-2022-en-bunol\/","title":{"rendered":"V\u00eddeo: El traslado de San Luis a su ermita pone el broche a la Feria y Fiestas 2023 en Bu\u00f1ol"},"content":{"rendered":"\n<figure class=\"wp-block-embed is-type-video is-provider-youtube wp-block-embed-youtube wp-embed-aspect-16-9 wp-has-aspect-ratio\"><div class=\"wp-block-embed__wrapper\">\n<iframe loading=\"lazy\" title=\"V\u00eddeo: El traslado de San Luis Bertr\u00e1n a su ermita pone el broche a la Feria y Fiestas 2023 en Bu\u00f1ol\" width=\"500\" height=\"281\" src=\"https:\/\/www.youtube.com\/embed\/tgNvNJvTtBY?feature=oembed\" frameborder=\"0\" allow=\"accelerometer; autoplay; clipboard-write; encrypted-media; gyroscope; picture-in-picture; web-share\" referrerpolicy=\"strict-origin-when-cross-origin\" allowfullscreen><\/iframe>\n<\/div><\/figure>\n\n\n\n<p>Rememoramos con este v\u00eddeo elaborado por <strong>tucomarca televisi\u00f3n<\/strong> c\u00f3mo se desarroll\u00f3 el tradicional traslado del patr\u00f3n de Bu\u00f1ol, <strong>San Luis Bertr\u00e1n<\/strong>, a su ermita ubicada en el paseo del mismo nombre y que tradicionalmente marca el final oficial de cada edici\u00f3n de la Feria y Fiestas de la localidad, y que este a\u00f1o 2023 finaliz\u00f3 el pasado lunes 4 de septiembre.<\/p>\n","protected":false},"excerpt":{"rendered":"<div class=\"mh-excerpt\">Rememoramos con este v\u00eddeo elaborado por tucomarca televisi\u00f3n c\u00f3mo se desarroll\u00f3 el tradicional traslado del patr\u00f3n de Bu\u00f1ol, San Luis Bertr\u00e1n, a su ermita ubicada en el paseo del mismo nombre y que tradicionalmente marca <a class=\"mh-excerpt-more\" href=\"https:\/\/www.tucomarca.com\/wordpress\/segunda\/video-el-traslado-de-san-luis-a-su-ermita-pone-el-punto-y-final-a-la-feria-y-fiestas-2022-en-bunol\/\" title=\"V\u00eddeo: El traslado de San Luis a su ermita pone el broche a la Feria y Fiestas 2023 en Bu\u00f1ol\">[+] <\/a><\/div>\n","protected":false},"author":1,"featured_media":198748,"comment_status":"open","ping_status":"open","sticky":false,"template":"","format":"video","meta":{"footnotes":""},"categories":[18,66,8,72,10,5,7,383,3,45,26],"tags":[17324,10385,1669,5952],"class_list":{"0":"post-198747","1":"post","2":"type-post","3":"status-publish","4":"format-video","5":"has-post-thumbnail","7":"category-bunol","8":"category-musica","9":"category-la-comarca","10":"category-sin-categorizar","11":"category-la-hoya","12":"category-la-semana-en-imagenes","13":"category-ocio-y-cultura","14":"category-pueblos-en-fiestas","15":"category-seccion","16":"category-ventana","17":"category-video","18":"tag-17324","19":"tag-bunol","20":"tag-feria-y-fiestas","21":"tag-la-hoya-de-bunol-chiva","22":"post_format-post-format-video"},"_links":{"self":[{"href":"https:\/\/www.tucomarca.com\/wordpress\/segunda\/wp-json\/wp\/v2\/posts\/198747","targetHints":{"allow":["GET"]}}],"collection":[{"href":"https:\/\/www.tucomarca.com\/wordpress\/segunda\/wp-json\/wp\/v2\/posts"}],"about":[{"href":"https:\/\/www.tucomarca.com\/wordpress\/segunda\/wp-json\/wp\/v2\/types\/post"}],"author":[{"embeddable":true,"href":"https:\/\/www.tucomarca.com\/wordpress\/segunda\/wp-json\/wp\/v2\/users\/1"}],"replies":[{"embeddable":true,"href":"https:\/\/www.tucomarca.com\/wordpress\/segunda\/wp-json\/wp\/v2\/comments?post=198747"}],"version-history":[{"count":0,"href":"https:\/\/www.tucomarca.com\/wordpress\/segunda\/wp-json\/wp\/v2\/posts\/198747\/revisions"}],"wp:featuredmedia":[{"embeddable":true,"href":"https:\/\/www.tucomarca.com\/wordpress\/segunda\/wp-json\/wp\/v2\/media\/198748"}],"wp:attachment":[{"href":"https:\/\/www.tucomarca.com\/wordpress\/segunda\/wp-json\/wp\/v2\/media?parent=198747"}],"wp:term":[{"taxonomy":"category","embeddable":true,"href":"https:\/\/www.tucomarca.com\/wordpress\/segunda\/wp-json\/wp\/v2\/categories?post=198747"},{"taxonomy":"post_tag","embeddable":true,"href":"https:\/\/www.tucomarca.com\/wordpress\/segunda\/wp-json\/wp\/v2\/tags?post=198747"}],"curies":[{"name":"wp","href":"https:\/\/api.w.org\/{rel}","templated":true}]}}