{"id":198802,"date":"2023-09-23T07:00:00","date_gmt":"2023-09-23T05:00:00","guid":{"rendered":"https:\/\/www.tucomarca.com\/wordpress\/segunda\/?p=198802"},"modified":"2023-09-23T08:46:04","modified_gmt":"2023-09-23T06:46:04","slug":"bunol-acoge-este-sabado-su-carrera-sprint-orientacion-valedera-para-el-campeonato-automatico","status":"publish","type":"post","link":"https:\/\/www.tucomarca.com\/wordpress\/segunda\/bunol-acoge-este-sabado-su-carrera-sprint-orientacion-valedera-para-el-campeonato-automatico\/","title":{"rendered":"Bu\u00f1ol acoge este s\u00e1bado su Carrera Sprint Orientaci\u00f3n valedera para el Campeonato Autom\u00e1tico"},"content":{"rendered":"\n<p>Este s\u00e1bado, 23 de septiembre, a partir de las 16,00 horas Bu\u00f1ol acoge su Carrera Sprint Orientaci\u00f3n, cuya salida se encuentra en la parte trasera del campo de f\u00fatbol Beltr\u00e1n Baguena y la meta en el Paseo San Luis. El trayecto, aun que no se puede desvelar en este tipo de carreras, si que han avanzado que transcurrir\u00e1 por toda la zona del casco antiguo de Bu\u00f1ol.<\/p>\n","protected":false},"excerpt":{"rendered":"<div class=\"mh-excerpt\">Este s\u00e1bado, 23 de septiembre, a partir de las 16,00 horas Bu\u00f1ol acoge su Carrera Sprint Orientaci\u00f3n, cuya salida se encuentra en la parte trasera del campo de f\u00fatbol Beltr\u00e1n Baguena y la meta en <a class=\"mh-excerpt-more\" href=\"https:\/\/www.tucomarca.com\/wordpress\/segunda\/bunol-acoge-este-sabado-su-carrera-sprint-orientacion-valedera-para-el-campeonato-automatico\/\" title=\"Bu\u00f1ol acoge este s\u00e1bado su Carrera Sprint Orientaci\u00f3n valedera para el Campeonato Autom\u00e1tico\">[+] <\/a><\/div>\n","protected":false},"author":1,"featured_media":61040,"comment_status":"open","ping_status":"open","sticky":false,"template":"","format":"standard","meta":{"footnotes":""},"categories":[4,98,18,6,8,10,3],"tags":[10385,10379,5952],"class_list":{"0":"post-198802","1":"post","2":"type-post","3":"status-publish","4":"format-standard","5":"has-post-thumbnail","7":"category-agenda","8":"category-atletismo","9":"category-bunol","10":"category-deportes","11":"category-la-comarca","12":"category-la-hoya","13":"category-seccion","14":"tag-bunol","15":"tag-deportes","16":"tag-la-hoya-de-bunol-chiva"},"_links":{"self":[{"href":"https:\/\/www.tucomarca.com\/wordpress\/segunda\/wp-json\/wp\/v2\/posts\/198802","targetHints":{"allow":["GET"]}}],"collection":[{"href":"https:\/\/www.tucomarca.com\/wordpress\/segunda\/wp-json\/wp\/v2\/posts"}],"about":[{"href":"https:\/\/www.tucomarca.com\/wordpress\/segunda\/wp-json\/wp\/v2\/types\/post"}],"author":[{"embeddable":true,"href":"https:\/\/www.tucomarca.com\/wordpress\/segunda\/wp-json\/wp\/v2\/users\/1"}],"replies":[{"embeddable":true,"href":"https:\/\/www.tucomarca.com\/wordpress\/segunda\/wp-json\/wp\/v2\/comments?post=198802"}],"version-history":[{"count":0,"href":"https:\/\/www.tucomarca.com\/wordpress\/segunda\/wp-json\/wp\/v2\/posts\/198802\/revisions"}],"wp:featuredmedia":[{"embeddable":true,"href":"https:\/\/www.tucomarca.com\/wordpress\/segunda\/wp-json\/wp\/v2\/media\/61040"}],"wp:attachment":[{"href":"https:\/\/www.tucomarca.com\/wordpress\/segunda\/wp-json\/wp\/v2\/media?parent=198802"}],"wp:term":[{"taxonomy":"category","embeddable":true,"href":"https:\/\/www.tucomarca.com\/wordpress\/segunda\/wp-json\/wp\/v2\/categories?post=198802"},{"taxonomy":"post_tag","embeddable":true,"href":"https:\/\/www.tucomarca.com\/wordpress\/segunda\/wp-json\/wp\/v2\/tags?post=198802"}],"curies":[{"name":"wp","href":"https:\/\/api.w.org\/{rel}","templated":true}]}}