{"id":198870,"date":"2023-09-23T12:00:00","date_gmt":"2023-09-23T10:00:00","guid":{"rendered":"https:\/\/www.tucomarca.com\/wordpress\/segunda\/?p=198870"},"modified":"2023-09-26T22:38:32","modified_gmt":"2023-09-26T20:38:32","slug":"los-bomberos-rescatan-a-un-caballo-que-habia-caido-en-una-piscina-en-betera","status":"publish","type":"post","link":"https:\/\/www.tucomarca.com\/wordpress\/segunda\/los-bomberos-rescatan-a-un-caballo-que-habia-caido-en-una-piscina-en-betera\/","title":{"rendered":"Los bomberos rescatan a un caballo que hab\u00eda ca\u00eddo en una piscina en B\u00e9tera"},"content":{"rendered":"\n<p>Los bomberos del Consorcio de Valencia han rescatado un caballo que hab\u00eda ca\u00eddo a una piscina en B\u00e9tera, en una casa de la urbanizaci\u00f3n la Mas\u00eda. Hasta all\u00ed se han desplazado bomberos de l&#8217;Eliana y sargento de Paterna.<\/p>\n\n\n\n<p>El caballo estaba dentro de una finca privada donde hab\u00eda piscina y zona para el animal. A la llegada de los bomberos, la propietaria y algunos veterinarios estaban manteniendo la cabeza del caballo fuera del agua.&nbsp;<\/p>\n\n\n\n<p>Los bomberos han tenido que vaciar la piscina, utilizando dos motobombas y desaguando unos 80.000 litros de agua, con el objetivo de facilitar las tareas de rescate. Adem\u00e1s los efectivos del Consorcio han cortado var\u00edas ramas de \u00e1rboles para que pudiera acceder una gr\u00faa hasta el lado de la piscina. Con todo esto realizado, los bomberos le han colocado al animal un arn\u00e9s especial para caballos, necesario para poder engancharlo y elevarlo con la gr\u00faa. Finalmente han podido sacarlo de la piscina. Las tareas han sido muy laboriosas.<\/p>\n\n\n\n<p>Hay que destacar que en todo momento las operaciones han contado con la presencia de veterinarios especialistas en caballos, que han asistido al animal y lo han tranquilizado para poder favorecer las tareas, ya que estaba muy nervioso.<\/p>\n\n\n\n<figure class=\"wp-block-gallery has-nested-images columns-2 is-cropped wp-block-gallery-1 is-layout-flex wp-block-gallery-is-layout-flex\">\n<figure class=\"wp-block-image size-large\"><img loading=\"lazy\" decoding=\"async\" width=\"1285\" height=\"1920\" data-id=\"198875\" src=\"https:\/\/www.tucomarca.com\/wordpress\/segunda\/wp-content\/uploads\/2023\/09\/BomberosCaballoBetera3.jpg\" alt=\"\" class=\"wp-image-198875\" srcset=\"https:\/\/www.tucomarca.com\/wordpress\/segunda\/wp-content\/uploads\/2023\/09\/BomberosCaballoBetera3.jpg 1285w, https:\/\/www.tucomarca.com\/wordpress\/segunda\/wp-content\/uploads\/2023\/09\/BomberosCaballoBetera3-201x300.jpg 201w, https:\/\/www.tucomarca.com\/wordpress\/segunda\/wp-content\/uploads\/2023\/09\/BomberosCaballoBetera3-685x1024.jpg 685w, https:\/\/www.tucomarca.com\/wordpress\/segunda\/wp-content\/uploads\/2023\/09\/BomberosCaballoBetera3-768x1148.jpg 768w, https:\/\/www.tucomarca.com\/wordpress\/segunda\/wp-content\/uploads\/2023\/09\/BomberosCaballoBetera3-1028x1536.jpg 1028w\" sizes=\"auto, (max-width: 1285px) 100vw, 1285px\" \/><\/figure>\n\n\n\n<figure class=\"wp-block-image size-large\"><img loading=\"lazy\" decoding=\"async\" width=\"1440\" height=\"2560\" data-id=\"198873\" src=\"https:\/\/www.tucomarca.com\/wordpress\/segunda\/wp-content\/uploads\/2023\/09\/BomberosCaballoBetera2-scaled.jpg\" alt=\"\" class=\"wp-image-198873\" srcset=\"https:\/\/www.tucomarca.com\/wordpress\/segunda\/wp-content\/uploads\/2023\/09\/BomberosCaballoBetera2-scaled.jpg 1440w, https:\/\/www.tucomarca.com\/wordpress\/segunda\/wp-content\/uploads\/2023\/09\/BomberosCaballoBetera2-169x300.jpg 169w, https:\/\/www.tucomarca.com\/wordpress\/segunda\/wp-content\/uploads\/2023\/09\/BomberosCaballoBetera2-576x1024.jpg 576w, https:\/\/www.tucomarca.com\/wordpress\/segunda\/wp-content\/uploads\/2023\/09\/BomberosCaballoBetera2-768x1365.jpg 768w, https:\/\/www.tucomarca.com\/wordpress\/segunda\/wp-content\/uploads\/2023\/09\/BomberosCaballoBetera2-864x1536.jpg 864w, https:\/\/www.tucomarca.com\/wordpress\/segunda\/wp-content\/uploads\/2023\/09\/BomberosCaballoBetera2-1152x2048.jpg 1152w\" sizes=\"auto, (max-width: 1440px) 100vw, 1440px\" \/><\/figure>\n\n\n\n<figure class=\"wp-block-image size-large\"><img loading=\"lazy\" decoding=\"async\" width=\"1920\" height=\"1079\" data-id=\"198871\" src=\"https:\/\/www.tucomarca.com\/wordpress\/segunda\/wp-content\/uploads\/2023\/09\/BomberosCaballoBetera1.jpg\" alt=\"\" class=\"wp-image-198871\" srcset=\"https:\/\/www.tucomarca.com\/wordpress\/segunda\/wp-content\/uploads\/2023\/09\/BomberosCaballoBetera1.jpg 1920w, https:\/\/www.tucomarca.com\/wordpress\/segunda\/wp-content\/uploads\/2023\/09\/BomberosCaballoBetera1-300x169.jpg 300w, https:\/\/www.tucomarca.com\/wordpress\/segunda\/wp-content\/uploads\/2023\/09\/BomberosCaballoBetera1-1024x575.jpg 1024w, https:\/\/www.tucomarca.com\/wordpress\/segunda\/wp-content\/uploads\/2023\/09\/BomberosCaballoBetera1-768x432.jpg 768w, https:\/\/www.tucomarca.com\/wordpress\/segunda\/wp-content\/uploads\/2023\/09\/BomberosCaballoBetera1-1536x863.jpg 1536w, https:\/\/www.tucomarca.com\/wordpress\/segunda\/wp-content\/uploads\/2023\/09\/BomberosCaballoBetera1-678x381.jpg 678w\" sizes=\"auto, (max-width: 1920px) 100vw, 1920px\" \/><\/figure>\n<\/figure>\n","protected":false},"excerpt":{"rendered":"<div class=\"mh-excerpt\">Los bomberos del Consorcio de Valencia han rescatado un caballo que hab\u00eda ca\u00eddo a una piscina en B\u00e9tera, en una casa de la urbanizaci\u00f3n la Mas\u00eda. Hasta all\u00ed se han desplazado bomberos de l&#8217;Eliana y <a class=\"mh-excerpt-more\" href=\"https:\/\/www.tucomarca.com\/wordpress\/segunda\/los-bomberos-rescatan-a-un-caballo-que-habia-caido-en-una-piscina-en-betera\/\" title=\"Los bomberos rescatan a un caballo que hab\u00eda ca\u00eddo en una piscina en B\u00e9tera\">[+] <\/a><\/div>\n","protected":false},"author":1,"featured_media":198871,"comment_status":"open","ping_status":"open","sticky":false,"template":"","format":"gallery","meta":{"footnotes":""},"categories":[51,46,8,72,3,116,45],"tags":[10398,593,10395],"class_list":{"0":"post-198870","1":"post","2":"type-post","3":"status-publish","4":"format-gallery","5":"has-post-thumbnail","7":"category-betera","8":"category-camp-de-turia","9":"category-la-comarca","10":"category-sin-categorizar","11":"category-seccion","12":"category-sucesos-la-comarca","13":"category-ventana","14":"tag-betera","15":"tag-bomberos","16":"tag-camp-de-turia","17":"post_format-post-format-gallery"},"_links":{"self":[{"href":"https:\/\/www.tucomarca.com\/wordpress\/segunda\/wp-json\/wp\/v2\/posts\/198870","targetHints":{"allow":["GET"]}}],"collection":[{"href":"https:\/\/www.tucomarca.com\/wordpress\/segunda\/wp-json\/wp\/v2\/posts"}],"about":[{"href":"https:\/\/www.tucomarca.com\/wordpress\/segunda\/wp-json\/wp\/v2\/types\/post"}],"author":[{"embeddable":true,"href":"https:\/\/www.tucomarca.com\/wordpress\/segunda\/wp-json\/wp\/v2\/users\/1"}],"replies":[{"embeddable":true,"href":"https:\/\/www.tucomarca.com\/wordpress\/segunda\/wp-json\/wp\/v2\/comments?post=198870"}],"version-history":[{"count":0,"href":"https:\/\/www.tucomarca.com\/wordpress\/segunda\/wp-json\/wp\/v2\/posts\/198870\/revisions"}],"wp:featuredmedia":[{"embeddable":true,"href":"https:\/\/www.tucomarca.com\/wordpress\/segunda\/wp-json\/wp\/v2\/media\/198871"}],"wp:attachment":[{"href":"https:\/\/www.tucomarca.com\/wordpress\/segunda\/wp-json\/wp\/v2\/media?parent=198870"}],"wp:term":[{"taxonomy":"category","embeddable":true,"href":"https:\/\/www.tucomarca.com\/wordpress\/segunda\/wp-json\/wp\/v2\/categories?post=198870"},{"taxonomy":"post_tag","embeddable":true,"href":"https:\/\/www.tucomarca.com\/wordpress\/segunda\/wp-json\/wp\/v2\/tags?post=198870"}],"curies":[{"name":"wp","href":"https:\/\/api.w.org\/{rel}","templated":true}]}}