{"id":198907,"date":"2023-09-27T09:00:00","date_gmt":"2023-09-27T07:00:00","guid":{"rendered":"https:\/\/www.tucomarca.com\/wordpress\/segunda\/?p=198907"},"modified":"2023-09-27T12:22:58","modified_gmt":"2023-09-27T10:22:58","slug":"cheste-se-suma-a-la-celebracion-del-dia-mundial-de-los-animales-con-actividades-de-concienciacion","status":"publish","type":"post","link":"https:\/\/www.tucomarca.com\/wordpress\/segunda\/cheste-se-suma-a-la-celebracion-del-dia-mundial-de-los-animales-con-actividades-de-concienciacion\/","title":{"rendered":"<strong>Cheste se suma a la celebraci\u00f3n del D\u00eda Mundial de los animales con actividades de concienciaci\u00f3n<\/strong>"},"content":{"rendered":"\n<p>El pr\u00f3ximo s\u00e1bado, 30 de septiembre, el parque de la Lomiquia albergar\u00e1 la I Celebraci\u00f3n del d\u00eda mundial de los animales, evento organizado desde la Concejal\u00eda de Protecci\u00f3n Animal, que contar\u00e1 con stands de protectoras y asociaciones, actividades de concienciaci\u00f3n, castillos hinchables y m\u00fasica en directo.<\/p>\n\n\n\n<p>El parque abrir\u00e1 sus puertas a las 11:00 y la primera actividad ser\u00e1 un desfile de animales en adopci\u00f3n a cargo del centro de acogida de animales Ribamontes, que se repitir\u00e1 por la tarde, a partir de las 17:00. Los castillos hinchables estar\u00e1n abiertos de 12:00 a 13:30 y de 17:00 a 19:00. A las 12:00 tambi\u00e9n comenzar\u00e1 el servicio municipal de censo animal, para que las personas asistentes inscriban a sus mascotas, que estar\u00e1 activo hasta las 13:30 y por la tarde, de 17:00 a 18:00. La jornada se cerrar\u00e1 con los conciertos de Adeene Rock, a las 19:00, y la Vanda, a las 22:30.<\/p>\n\n\n\n<p><strong>D\u00eda mundial de los animales<\/strong><\/p>\n\n\n\n<p>El 4 de octubre es el D\u00eda Mundial de los Animales, una fecha promovida por la Organizaci\u00f3n Mundial de Protecci\u00f3n Animal con el objetivo de frenar la extinci\u00f3n de especies. Con motivo de esta efem\u00e9ride se celebran eventos especiales en todo el mundo bajo la premisa de la mejora del bienestar animal.<\/p>\n","protected":false},"excerpt":{"rendered":"<div class=\"mh-excerpt\">El pr\u00f3ximo s\u00e1bado, 30 de septiembre, el parque de la Lomiquia albergar\u00e1 la I Celebraci\u00f3n del d\u00eda mundial de los animales, evento organizado desde la Concejal\u00eda de Protecci\u00f3n Animal, que contar\u00e1 con stands de protectoras <a class=\"mh-excerpt-more\" href=\"https:\/\/www.tucomarca.com\/wordpress\/segunda\/cheste-se-suma-a-la-celebracion-del-dia-mundial-de-los-animales-con-actividades-de-concienciacion\/\" title=\"Cheste se suma a la celebraci\u00f3n del D\u00eda Mundial de los animales con actividades de concienciaci\u00f3n\">[+] <\/a><\/div>\n","protected":false},"author":12,"featured_media":198908,"comment_status":"open","ping_status":"open","sticky":false,"template":"","format":"standard","meta":{"footnotes":""},"categories":[4,17,8,10,117,142,3],"tags":[339,19690,5952],"class_list":{"0":"post-198907","1":"post","2":"type-post","3":"status-publish","4":"format-standard","5":"has-post-thumbnail","7":"category-agenda","8":"category-cheste","9":"category-la-comarca","10":"category-la-hoya","11":"category-medio-ambiente-la-comarca","12":"category-politica-la-comarca","13":"category-seccion","14":"tag-cheste-2","15":"tag-dia-mundial-de-los-animales","16":"tag-la-hoya-de-bunol-chiva"},"_links":{"self":[{"href":"https:\/\/www.tucomarca.com\/wordpress\/segunda\/wp-json\/wp\/v2\/posts\/198907","targetHints":{"allow":["GET"]}}],"collection":[{"href":"https:\/\/www.tucomarca.com\/wordpress\/segunda\/wp-json\/wp\/v2\/posts"}],"about":[{"href":"https:\/\/www.tucomarca.com\/wordpress\/segunda\/wp-json\/wp\/v2\/types\/post"}],"author":[{"embeddable":true,"href":"https:\/\/www.tucomarca.com\/wordpress\/segunda\/wp-json\/wp\/v2\/users\/12"}],"replies":[{"embeddable":true,"href":"https:\/\/www.tucomarca.com\/wordpress\/segunda\/wp-json\/wp\/v2\/comments?post=198907"}],"version-history":[{"count":0,"href":"https:\/\/www.tucomarca.com\/wordpress\/segunda\/wp-json\/wp\/v2\/posts\/198907\/revisions"}],"wp:featuredmedia":[{"embeddable":true,"href":"https:\/\/www.tucomarca.com\/wordpress\/segunda\/wp-json\/wp\/v2\/media\/198908"}],"wp:attachment":[{"href":"https:\/\/www.tucomarca.com\/wordpress\/segunda\/wp-json\/wp\/v2\/media?parent=198907"}],"wp:term":[{"taxonomy":"category","embeddable":true,"href":"https:\/\/www.tucomarca.com\/wordpress\/segunda\/wp-json\/wp\/v2\/categories?post=198907"},{"taxonomy":"post_tag","embeddable":true,"href":"https:\/\/www.tucomarca.com\/wordpress\/segunda\/wp-json\/wp\/v2\/tags?post=198907"}],"curies":[{"name":"wp","href":"https:\/\/api.w.org\/{rel}","templated":true}]}}