{"id":199023,"date":"2023-09-28T10:05:00","date_gmt":"2023-09-28T08:05:00","guid":{"rendered":"https:\/\/www.tucomarca.com\/wordpress\/segunda\/?p=199023"},"modified":"2023-09-28T19:09:32","modified_gmt":"2023-09-28T17:09:32","slug":"godelleta-disfruta-este-fin-de-semana-de-su-ii-feria-del-moscatel-con-un-completo-programa-de-actividades","status":"publish","type":"post","link":"https:\/\/www.tucomarca.com\/wordpress\/segunda\/godelleta-disfruta-este-fin-de-semana-de-su-ii-feria-del-moscatel-con-un-completo-programa-de-actividades\/","title":{"rendered":"Godelleta disfruta este fin de semana de su II Feria del Moscatel con un completo programa de actividades"},"content":{"rendered":"\n<p>Con el eslogan \u00abGodelleta es Moscatel\u00bb llega una nueva edici\u00f3n de la Feria del Moscatel de Godelleta. Desde este viernes, 29 de septiembre, al domingo, 1 de octubre, se podr\u00e1 disfrutar en el Parque del Plant\u00edo, frente a la bodega de la localidad, de un completo programa de actividades y una gran variedad de casetas con productos selectos, gastron\u00f3micos y de artesan\u00eda, cuyo protagonista ser\u00e1 el moscatel como gran tesoro de este municipio. <\/p>\n\n\n\n<p>Los visitantes podr\u00e1n adquirir un ticket por 7 euros y recibir\u00e1n un\u00a0vaso conmemorativo de la Feria del Moscatel y 5\u00a0tickets de degustaci\u00f3n que podr\u00e1n canjear por productos de los estands de los expositores.<\/p>\n\n\n\n<p>El programa de actividades es el siguiente:<\/p>\n\n\n\n<p><strong>VIERNES 29<\/strong><\/p>\n\n\n\n<p>19.00 horas \u2022 Concentraci\u00f3n en la puerta del Ayuntamiento con entidades, asociaciones y autoridades. Traslado hasta la feria acompa\u00f1ados de las bandas de m\u00fasica infantil y juvenil de la UMG.<\/p>\n\n\n\n<p>19.30 horas \u2022 Inaguraci\u00f3n del Sal\u00f3n del Vino.<\/p>\n\n\n\n<p>22.00 horas \u2022 Cierre del recinto ferial.<\/p>\n\n\n\n<p><strong>S\u00c1BADO 30<\/strong> \u2022 <strong>D\u00cdA DEL COMERCIO LOCAL<\/strong><\/p>\n\n\n\n<p>10.00 horas \u2022 Apertura del recinto ferial.<\/p>\n\n\n\n<p>10.30 horas \u2022 Apertura del mercado artesano.<\/p>\n\n\n\n<p>10.30 horas \u2022 Inicio exhibici\u00f3n actvidades deportivas.<\/p>\n\n\n\n<p>11.00 horas \u2022 Taller reciclaje impartido por FCC.<\/p>\n\n\n\n<p>12.00 horas \u2022 Visita guiada a las instalaciones de la Cooperativa Vin\u00edcola San Pedro Ap\u00f3stol.<\/p>\n\n\n\n<p>18.00 horas \u2022<strong>\u00a0<\/strong>M\u00fasica en directo: Gabriel Sancho (saxo) y Andrea Sancho (viol\u00edn).<\/p>\n\n\n\n<p>19.30 horas \u2022 Desfiles de moros y cristianos, acompa\u00f1ados por la Uni\u00f3n Musical de Godelleta.<\/p>\n\n\n\n<p>22.00 horas \u2022 Cierre del recinto ferial.<\/p>\n\n\n\n<p>00.00 horas \u2022 Macrodiscom\u00f3vil en el Polideportivo Municipal.<\/p>\n\n\n\n<p><strong>DOMINGO 1<\/strong><\/p>\n\n\n\n<p>10.00 horas \u2022 Apertura del recinto ferial.<\/p>\n\n\n\n<p>10.30 horas \u2022 Apertura del mercado artesano.<\/p>\n\n\n\n<p>12.00 horas \u2022 Visita guiada a las instalaciones de la Cooperativa Vin\u00edcola San Pedro Ap\u00f3stol.<\/p>\n\n\n\n<p>12.00 horas \u2022<strong>\u00a0<\/strong>M\u00fasica en directo: Miguel Zan\u00f3n (saxo).<\/p>\n\n\n\n<p>22.00 horas \u2022 Cierre del recinto ferial.<\/p>\n\n\n\n<figure class=\"wp-block-image size-large\"><img loading=\"lazy\" decoding=\"async\" width=\"730\" height=\"1024\" src=\"https:\/\/www.tucomarca.com\/wordpress\/segunda\/wp-content\/uploads\/2023\/09\/IIFeriaMoscatelGodelleta-730x1024.jpg\" alt=\"\" class=\"wp-image-199026\" srcset=\"https:\/\/www.tucomarca.com\/wordpress\/segunda\/wp-content\/uploads\/2023\/09\/IIFeriaMoscatelGodelleta-730x1024.jpg 730w, https:\/\/www.tucomarca.com\/wordpress\/segunda\/wp-content\/uploads\/2023\/09\/IIFeriaMoscatelGodelleta-214x300.jpg 214w, https:\/\/www.tucomarca.com\/wordpress\/segunda\/wp-content\/uploads\/2023\/09\/IIFeriaMoscatelGodelleta-768x1077.jpg 768w, https:\/\/www.tucomarca.com\/wordpress\/segunda\/wp-content\/uploads\/2023\/09\/IIFeriaMoscatelGodelleta.jpg 886w\" sizes=\"auto, (max-width: 730px) 100vw, 730px\" \/><\/figure>\n","protected":false},"excerpt":{"rendered":"<div class=\"mh-excerpt\">Con el eslogan \u00abGodelleta es Moscatel\u00bb llega una nueva edici\u00f3n de la Feria del Moscatel de Godelleta. Desde este viernes, 29 de septiembre, al domingo, 1 de octubre, se podr\u00e1 disfrutar en el Parque del <a class=\"mh-excerpt-more\" href=\"https:\/\/www.tucomarca.com\/wordpress\/segunda\/godelleta-disfruta-este-fin-de-semana-de-su-ii-feria-del-moscatel-con-un-completo-programa-de-actividades\/\" title=\"Godelleta disfruta este fin de semana de su II Feria del Moscatel con un completo programa de actividades\">[+] <\/a><\/div>\n","protected":false},"author":12,"featured_media":199026,"comment_status":"open","ping_status":"closed","sticky":false,"template":"","format":"standard","meta":{"footnotes":""},"categories":[4,113,14,8,10,7,3],"tags":[19696,10383,5952],"class_list":{"0":"post-199023","1":"post","2":"type-post","3":"status-publish","4":"format-standard","5":"has-post-thumbnail","7":"category-agenda","8":"category-vinos","9":"category-godelleta","10":"category-la-comarca","11":"category-la-hoya","12":"category-ocio-y-cultura","13":"category-seccion","14":"tag-feria-del-moscatel-de-godelleta","15":"tag-godelleta","16":"tag-la-hoya-de-bunol-chiva"},"_links":{"self":[{"href":"https:\/\/www.tucomarca.com\/wordpress\/segunda\/wp-json\/wp\/v2\/posts\/199023","targetHints":{"allow":["GET"]}}],"collection":[{"href":"https:\/\/www.tucomarca.com\/wordpress\/segunda\/wp-json\/wp\/v2\/posts"}],"about":[{"href":"https:\/\/www.tucomarca.com\/wordpress\/segunda\/wp-json\/wp\/v2\/types\/post"}],"author":[{"embeddable":true,"href":"https:\/\/www.tucomarca.com\/wordpress\/segunda\/wp-json\/wp\/v2\/users\/12"}],"replies":[{"embeddable":true,"href":"https:\/\/www.tucomarca.com\/wordpress\/segunda\/wp-json\/wp\/v2\/comments?post=199023"}],"version-history":[{"count":0,"href":"https:\/\/www.tucomarca.com\/wordpress\/segunda\/wp-json\/wp\/v2\/posts\/199023\/revisions"}],"wp:featuredmedia":[{"embeddable":true,"href":"https:\/\/www.tucomarca.com\/wordpress\/segunda\/wp-json\/wp\/v2\/media\/199026"}],"wp:attachment":[{"href":"https:\/\/www.tucomarca.com\/wordpress\/segunda\/wp-json\/wp\/v2\/media?parent=199023"}],"wp:term":[{"taxonomy":"category","embeddable":true,"href":"https:\/\/www.tucomarca.com\/wordpress\/segunda\/wp-json\/wp\/v2\/categories?post=199023"},{"taxonomy":"post_tag","embeddable":true,"href":"https:\/\/www.tucomarca.com\/wordpress\/segunda\/wp-json\/wp\/v2\/tags?post=199023"}],"curies":[{"name":"wp","href":"https:\/\/api.w.org\/{rel}","templated":true}]}}