{"id":199034,"date":"2023-09-28T09:00:00","date_gmt":"2023-09-28T07:00:00","guid":{"rendered":"https:\/\/www.tucomarca.com\/wordpress\/segunda\/?p=199034"},"modified":"2023-09-28T10:05:18","modified_gmt":"2023-09-28T08:05:18","slug":"la-diputacio-refuerza-la-seguridad-de-la-carretera-de-villar-a-andilla-y-el-puente-de-la-yesa-en-la-comarca-de-la-serrania","status":"publish","type":"post","link":"https:\/\/www.tucomarca.com\/wordpress\/segunda\/la-diputacio-refuerza-la-seguridad-de-la-carretera-de-villar-a-andilla-y-el-puente-de-la-yesa-en-la-comarca-de-la-serrania\/","title":{"rendered":"<strong>La Diputaci\u00f3 refuerza la seguridad de la carretera de Villar a Andilla y el puente de la Yesa en la comarca de La Serran\u00eda<\/strong>"},"content":{"rendered":"\n<p><strong>La vicepresidenta segunda y responsable de Infraestructuras, Reme Mazzolari, ha recorrido la comarca comprobando el estado de diferentes obras que tiene en marcha la corporaci\u00f3n y escuchando a los alcaldes y alcaldesas<\/strong><\/p>\n\n\n\n<p>La vicepresidenta segunda y diputada de Carreteras, Reme Mazzolari, ha recorrido este mi\u00e9rcoles La Serran\u00eda para comprobar el estado de distintas obras que la Diputaci\u00f3n que dirige Vicent Momp\u00f3 tiene en ejecuci\u00f3n en la comarca. Acompa\u00f1ada por la alcaldesa de Villar del Arzobispo, M\u00aa \u00c1ngeles Beaus, y los alcaldes de Higueruelas, Melanio Esteban, y Andilla, Miguel Sebasti\u00e1n, as\u00ed como t\u00e9cnicos del \u00e1rea provincial de Infraestructuras, Mazzolari ha destacado \u201cla importancia de tener unas carreteras seguras en territorios de interior para luchar contra la despoblaci\u00f3n, porque unas buenas comunicaciones son claves para fijar poblaci\u00f3n en municipios rurales\u201d.<\/p>\n\n\n\n<p>La responsable de Infraestructuras de la Diputaci\u00f3n ha iniciado la ruta en Villar del Arzobispo, donde est\u00e1n en marcha las obras en la CV-341 que conecta Villar y Andilla en el tramo de 6,5 quil\u00f3metros comprendido entre el acceso a Artaj y el municipio de Andilla. La v\u00eda es la principal conexi\u00f3n entre Andilla y los n\u00facleos de poblaci\u00f3n de Artaj, Oset y La Pobleta, entre otros, as\u00ed como su enlace con la carretera CV-345 y el municipio de Villar del Arzobispo.<\/p>\n\n\n\n<p>La obra proyectada consiste en el refuerzo del firme, la mejora del trazado eliminando estrechamientos y la construcci\u00f3n de cunetas de seguridad, al tiempo que se mejora el radio de las curvas. \u201cCon esta actuaci\u00f3n se refuerza la seguridad de una carretera que actualmente no tiene arcenes y presenta deficiencias en el firme, a lo que se a\u00f1aden tramos muy estrechos que dificultan el paso de los veh\u00edculos\u201d, ha explicado Reme Mazzolari.<\/p>\n\n\n\n<p>La obra, con un presupuesto de 2.075.181 euros y un plazo de ejecuci\u00f3n de seis meses, se adjudic\u00f3 a la UTE que forman Asfaltos y Construcciones Elsan y Torrescamara. Para Reme Mazzolari, la intervenci\u00f3n \u201ces un ejemplo del trabajo de mantenimiento y mejora continua que llevamos a cabo en la red de Carreteras de la Diputaci\u00f3n, que trata de adecuarse peri\u00f3dicamente a las necesidades de la poblaci\u00f3n, con la mejora de la seguridad como gran prioridad\u201d.<\/p>\n\n\n\n<p><strong>El puente de la Yesa<\/strong><\/p>\n\n\n\n<p>La red provincial de carreteras incluye tambi\u00e9n la CV-345 que conecta Casinos y Titaguas por Villar del Arzobispo. La comitiva provincial se ha desplazado hasta el punto quilom\u00e9trico 32,9 de dicha v\u00eda, a la altura del puente de La Yesa, donde se produce un estrechamiento que la Diputaci\u00f3n quiere eliminar ampliando la estructura de la carretera en el tramo que atraviesa el barranco del Hornico. La obra, con una inversi\u00f3n de 490.000 euros, va a muy buen ritmo, hasta el punto de que \u201cesperamos acortar los plazos de ejecuci\u00f3n y que pueda estar en servicio antes de final de a\u00f1o\u201d, ha avanzado la propia Mazzolari.<\/p>\n\n\n\n<p>La estructura que salva el barranco presenta diversas patolog\u00edas y da\u00f1os que, con los a\u00f1os, ha motivado la deformaci\u00f3n de los hastiales y t\u00edmpanos de la obra de drenaje, presentando grietas en la mamposter\u00eda y abombamientos de los alzados, lo que genera problemas de circulaci\u00f3n, especialmente durante los episodios de lluvias. La soluci\u00f3n propuesta por el \u00e1rea provincial de Carreteras pasa por reparar la estructura deteriorada, eliminar la sobrecarga y ampliar la plataforma. En opini\u00f3n de la vicepresidenta segunda, \u201cla clave en este caso es que se act\u00faa sobre una carretera que ya estaba arreglada, pero que atravesaba un puente muy estrecho que imped\u00eda el paso de dos camiones a la vez, en una zona de canteras y mucho tr\u00e1fico pesado\u201d.<\/p>\n\n\n\n<p>Reme Mazzolari ha aprovechado su visita a La Serran\u00eda para escuchar las necesidades que le han trasladado los alcaldes y alcaldesas de la comarca, en una de las zonas de interior de la provincia donde la Diputaci\u00f3n \u201ctrabaja decididamente para mejorar las infraestructuras y servicios, contribuyendo as\u00ed a que los pueblos tengan unas buenas comunicaciones y una calidad de vida que atraiga a la gente a residir en la comarca, combatiendo as\u00ed el fantasma de la despoblaci\u00f3n\u201d. En este contexto se enmarcan las reuniones de Mazzolari con los alcaldes de Dome\u00f1o y Aras de los Olmos, Francisco G\u00f3mez y Rafael Gim\u00e9nez, que han versado sobre la posibilidad de emprender nuevos proyectos en la comarca.<\/p>\n\n\n\n<figure class=\"wp-block-image size-large\"><img loading=\"lazy\" decoding=\"async\" width=\"1024\" height=\"682\" src=\"https:\/\/www.tucomarca.com\/wordpress\/segunda\/wp-content\/uploads\/2023\/09\/DipuLaYesa2-1024x682.jpeg\" alt=\"\" class=\"wp-image-199037\" srcset=\"https:\/\/www.tucomarca.com\/wordpress\/segunda\/wp-content\/uploads\/2023\/09\/DipuLaYesa2-1024x682.jpeg 1024w, https:\/\/www.tucomarca.com\/wordpress\/segunda\/wp-content\/uploads\/2023\/09\/DipuLaYesa2-300x200.jpeg 300w, https:\/\/www.tucomarca.com\/wordpress\/segunda\/wp-content\/uploads\/2023\/09\/DipuLaYesa2-768x512.jpeg 768w, https:\/\/www.tucomarca.com\/wordpress\/segunda\/wp-content\/uploads\/2023\/09\/DipuLaYesa2-1536x1023.jpeg 1536w, https:\/\/www.tucomarca.com\/wordpress\/segunda\/wp-content\/uploads\/2023\/09\/DipuLaYesa2.jpeg 1600w\" sizes=\"auto, (max-width: 1024px) 100vw, 1024px\" \/><\/figure>\n","protected":false},"excerpt":{"rendered":"<div class=\"mh-excerpt\">La vicepresidenta segunda y responsable de Infraestructuras, Reme Mazzolari, ha recorrido la comarca comprobando el estado de diferentes obras que tiene en marcha la corporaci\u00f3n y escuchando a los alcaldes y alcaldesas La vicepresidenta segunda <a class=\"mh-excerpt-more\" href=\"https:\/\/www.tucomarca.com\/wordpress\/segunda\/la-diputacio-refuerza-la-seguridad-de-la-carretera-de-villar-a-andilla-y-el-puente-de-la-yesa-en-la-comarca-de-la-serrania\/\" title=\"La Diputaci\u00f3 refuerza la seguridad de la carretera de Villar a Andilla y el puente de la Yesa en la comarca de La Serran\u00eda\">[+] <\/a><\/div>\n","protected":false},"author":1,"featured_media":199035,"comment_status":"open","ping_status":"open","sticky":false,"template":"","format":"image","meta":{"footnotes":""},"categories":[191,128,8,72,103,59,142,3,45,171],"tags":[4013,3912,10400],"class_list":{"0":"post-199034","1":"post","2":"type-post","3":"status-publish","4":"format-image","5":"has-post-thumbnail","7":"category-andilla","8":"category-infraestructuras","9":"category-la-comarca","10":"category-sin-categorizar","11":"category-la-yesa","12":"category-los-serranos","13":"category-politica-la-comarca","14":"category-seccion","15":"category-ventana","16":"category-villar-del-arzobispo","17":"tag-diputacion-de-valencia","18":"tag-la-serrania","19":"tag-los-serranos","20":"post_format-post-format-image"},"_links":{"self":[{"href":"https:\/\/www.tucomarca.com\/wordpress\/segunda\/wp-json\/wp\/v2\/posts\/199034","targetHints":{"allow":["GET"]}}],"collection":[{"href":"https:\/\/www.tucomarca.com\/wordpress\/segunda\/wp-json\/wp\/v2\/posts"}],"about":[{"href":"https:\/\/www.tucomarca.com\/wordpress\/segunda\/wp-json\/wp\/v2\/types\/post"}],"author":[{"embeddable":true,"href":"https:\/\/www.tucomarca.com\/wordpress\/segunda\/wp-json\/wp\/v2\/users\/1"}],"replies":[{"embeddable":true,"href":"https:\/\/www.tucomarca.com\/wordpress\/segunda\/wp-json\/wp\/v2\/comments?post=199034"}],"version-history":[{"count":0,"href":"https:\/\/www.tucomarca.com\/wordpress\/segunda\/wp-json\/wp\/v2\/posts\/199034\/revisions"}],"wp:featuredmedia":[{"embeddable":true,"href":"https:\/\/www.tucomarca.com\/wordpress\/segunda\/wp-json\/wp\/v2\/media\/199035"}],"wp:attachment":[{"href":"https:\/\/www.tucomarca.com\/wordpress\/segunda\/wp-json\/wp\/v2\/media?parent=199034"}],"wp:term":[{"taxonomy":"category","embeddable":true,"href":"https:\/\/www.tucomarca.com\/wordpress\/segunda\/wp-json\/wp\/v2\/categories?post=199034"},{"taxonomy":"post_tag","embeddable":true,"href":"https:\/\/www.tucomarca.com\/wordpress\/segunda\/wp-json\/wp\/v2\/tags?post=199034"}],"curies":[{"name":"wp","href":"https:\/\/api.w.org\/{rel}","templated":true}]}}