{"id":199099,"date":"2023-09-29T09:00:00","date_gmt":"2023-09-29T07:00:00","guid":{"rendered":"https:\/\/www.tucomarca.com\/wordpress\/segunda\/?p=199099"},"modified":"2023-09-30T12:45:24","modified_gmt":"2023-09-30T10:45:24","slug":"comienza-la-octava-temporada-de-cineforum-en-cheste","status":"publish","type":"post","link":"https:\/\/www.tucomarca.com\/wordpress\/segunda\/comienza-la-octava-temporada-de-cineforum-en-cheste\/","title":{"rendered":"<strong>Comienza la octava temporada de Cinef\u00f3rum en Cheste<\/strong>"},"content":{"rendered":"\n<p>Este viernes, 29 de septiembre, empieza una nueva temporada del ciclo de cinef\u00f3rum, que ya suma 8 ediciones a sus espaldas. Como es habitual, esta actividad, impulsada por la concejal\u00eda de Cultura, tendr\u00e1 lugar los \u00faltimos viernes de cada mes, salvo excepciones, a las 19:00 en el sal\u00f3n polivalente de la biblioteca municipal.&nbsp;<\/p>\n\n\n\n<p>Un a\u00f1o m\u00e1s el cinef\u00f3rum cuenta con la coordinaci\u00f3n de Pilar Rosell\u00f3 y sigue la din\u00e1mica de las temporadas anteriores. Las pel\u00edculas ser\u00e1n presentadas y contextualizadas por una persona vinculada con la tem\u00e1tica a abordar durante la sesi\u00f3n; posteriormente, se dar\u00e1 paso al visionado de la cinta y, al finalizar, se propondr\u00e1 a las personas asistentes participar en un breve coloquio.<\/p>\n\n\n\n<p>Tal y como explican desde la organizaci\u00f3n, para la programaci\u00f3n se han seleccionado t\u00edtulos de diferentes estilos y tem\u00e1ticas, teniendo como premisa que sean un punto de partida para reflexionar sobre distintos temas.<\/p>\n\n\n\n<p>Para comenzar la temporada, el 29 de septiembre, viernes, se proyectar\u00e1 <em>Una raz\u00f3n brillante<\/em>, de Yvan Attal, a las 19:00 en el sal\u00f3n polivalente de la biblioteca. La pel\u00edcula, que cont\u00f3 con 3 nominaciones a los Premios C\u00e9sar, cuenta la historia de Ne\u00efla Salah y Pierre Mazard, una joven del extrarradio parisino que sue\u00f1a con ser abogada, y un profesor de universidad pol\u00e9mico; ambos tendr\u00e1n que ser capaces de superar sus propios prejuicios durante la preparaci\u00f3n de un concurso de debate nacional. El cinef\u00f3rum continuar\u00e1 con el pase de <em>The farevell<\/em>, el 27 de octubre; <em>El triunfo,<\/em> programada para el 1 de diciembre;<em> Un mundo a su medida, <\/em>el 29 de diciembre<em>; Belfast<\/em>, el 27 de enero de 2023; <em>Mil veces buenas noches<\/em>, el 23 de febrero; <em>Papicha, sue\u00f1os de libertad<\/em>, el 22 de marzo; <em>The quiet girl<\/em>, que ser\u00e1 el 26 de abril, y <em>Los girasoles silvestres<\/em>, que cerrar\u00e1 el ciclo el 31 de mayo.<\/p>\n\n\n\n<p><\/p>\n","protected":false},"excerpt":{"rendered":"<div class=\"mh-excerpt\">Este viernes, 29 de septiembre, empieza una nueva temporada del ciclo de cinef\u00f3rum, que ya suma 8 ediciones a sus espaldas. Como es habitual, esta actividad, impulsada por la concejal\u00eda de Cultura, tendr\u00e1 lugar los <a class=\"mh-excerpt-more\" href=\"https:\/\/www.tucomarca.com\/wordpress\/segunda\/comienza-la-octava-temporada-de-cineforum-en-cheste\/\" title=\"Comienza la octava temporada de Cinef\u00f3rum en Cheste\">[+] <\/a><\/div>\n","protected":false},"author":12,"featured_media":199101,"comment_status":"open","ping_status":"open","sticky":false,"template":"","format":"standard","meta":{"footnotes":""},"categories":[4,17,8,10,7,3],"tags":[339,9175,5952],"class_list":{"0":"post-199099","1":"post","2":"type-post","3":"status-publish","4":"format-standard","5":"has-post-thumbnail","7":"category-agenda","8":"category-cheste","9":"category-la-comarca","10":"category-la-hoya","11":"category-ocio-y-cultura","12":"category-seccion","13":"tag-cheste-2","14":"tag-cineforum","15":"tag-la-hoya-de-bunol-chiva"},"_links":{"self":[{"href":"https:\/\/www.tucomarca.com\/wordpress\/segunda\/wp-json\/wp\/v2\/posts\/199099","targetHints":{"allow":["GET"]}}],"collection":[{"href":"https:\/\/www.tucomarca.com\/wordpress\/segunda\/wp-json\/wp\/v2\/posts"}],"about":[{"href":"https:\/\/www.tucomarca.com\/wordpress\/segunda\/wp-json\/wp\/v2\/types\/post"}],"author":[{"embeddable":true,"href":"https:\/\/www.tucomarca.com\/wordpress\/segunda\/wp-json\/wp\/v2\/users\/12"}],"replies":[{"embeddable":true,"href":"https:\/\/www.tucomarca.com\/wordpress\/segunda\/wp-json\/wp\/v2\/comments?post=199099"}],"version-history":[{"count":0,"href":"https:\/\/www.tucomarca.com\/wordpress\/segunda\/wp-json\/wp\/v2\/posts\/199099\/revisions"}],"wp:featuredmedia":[{"embeddable":true,"href":"https:\/\/www.tucomarca.com\/wordpress\/segunda\/wp-json\/wp\/v2\/media\/199101"}],"wp:attachment":[{"href":"https:\/\/www.tucomarca.com\/wordpress\/segunda\/wp-json\/wp\/v2\/media?parent=199099"}],"wp:term":[{"taxonomy":"category","embeddable":true,"href":"https:\/\/www.tucomarca.com\/wordpress\/segunda\/wp-json\/wp\/v2\/categories?post=199099"},{"taxonomy":"post_tag","embeddable":true,"href":"https:\/\/www.tucomarca.com\/wordpress\/segunda\/wp-json\/wp\/v2\/tags?post=199099"}],"curies":[{"name":"wp","href":"https:\/\/api.w.org\/{rel}","templated":true}]}}