{"id":199106,"date":"2023-09-30T09:00:00","date_gmt":"2023-09-30T07:00:00","guid":{"rendered":"https:\/\/www.tucomarca.com\/wordpress\/segunda\/?p=199106"},"modified":"2023-09-30T13:09:43","modified_gmt":"2023-09-30T11:09:43","slug":"nueva-escuela-deportiva-de-frontenis-en-cheste","status":"publish","type":"post","link":"https:\/\/www.tucomarca.com\/wordpress\/segunda\/nueva-escuela-deportiva-de-frontenis-en-cheste\/","title":{"rendered":"<strong>Nueva escuela deportiva de frontenis en Cheste<\/strong>"},"content":{"rendered":"\n<p>Cheste ya cuenta con una nueva escuela de frontenis para edad escolar, de 6 a 16 a\u00f1os, tras al acuerdo de colaboraci\u00f3n recientemente alcanzado entre el Ayuntamiento, el Club de Frontenis Cheste y la Federaci\u00f3n de Frontenis y Pelota de la Comunidad Valenciana.<\/p>\n\n\n\n<p>\u201cLa propuesta de escuela de frontenis que nos presentaron fue muy interesante, ya que va dirigida a aumentar la calidad de la oferta y la visibilidad de este deporte, tan arraigado en nuestra Comunidad\u201d, ha apuntado el concejal de Deportes, Adri\u00e1n Tar\u00edn. \u201cPor parte del Ayuntamiento hemos cedido el espacio y vamos a seguir trabajando conjuntamente en la promoci\u00f3n del frontenis. Tenemos unas instalaciones \u00fanicas en Espa\u00f1a y creemos que debemos aprovechar la oportunidad que se nos ha ofrecido para que Cheste sea una sede del front\u00f3n\u201d.<\/p>\n\n\n\n<p><strong>Sobre la Escuela<\/strong><\/p>\n\n\n\n<p>La nueva escuela de frontenis ofrece entrenamientos semanales tutelados de dos horas, en grupos reducidos, con enfoque t\u00e9cnico, psicol\u00f3gico y de psicomotricidad. Adem\u00e1s, el alumnado ser\u00e1 dado de alta en la Federaci\u00f3n y podr\u00e1 tener acceso a competiciones a nivel provincial, auton\u00f3mico y estatal, como los Juegos Escolares de la Generalitat Valenciana, los dos Campeonatos de Espa\u00f1a o el circuito nacional de Opens, entre otras.<\/p>\n\n\n\n<p>\u201cNuestro objetivo en el marco de este grupo de trabajo que hemos formado, junto a la Federaci\u00f3n y el Ayuntamiento, es fomentar la pr\u00e1ctica del frontenis en edad escolar, ofreciendo entrenamientos adaptados y el acceso a competiciones para que el alumnado de la escuela pueda vivir el deporte de una manera intensa y divertida\u201d, ha explicado Carlos Pic\u00f3, desde el Club de Frontenis Cheste. \u201cEstamos orgullosos de ser el club que m\u00e1s t\u00edtulos recogi\u00f3 a nivel auton\u00f3mico el a\u00f1o pasado y de ganar el oro en una categor\u00eda a nivel estatal, somos uno de los clubs m\u00e1s longevos, con 40 a\u00f1os de trayectoria, y con m\u00e1s t\u00edtulos a nuestras espaldas\u201d.<\/p>\n\n\n\n<p>La temporada de la nueva escuela de frontenis en Cheste tendr\u00e1 lugar de octubre a mayo. Para m\u00e1s informaci\u00f3n e inscripciones las personas interesadas deben contactar con la escuela a trav\u00e9s de WhatsApp en los tel\u00e9fonos 622 354 990 o 649 651 568.<\/p>\n\n\n\n<figure class=\"wp-block-image size-large\"><img loading=\"lazy\" decoding=\"async\" width=\"724\" height=\"1024\" src=\"https:\/\/www.tucomarca.com\/wordpress\/segunda\/wp-content\/uploads\/2023\/09\/ChesteEscuelaFrontenis-724x1024.jpg\" alt=\"\" class=\"wp-image-199108\" srcset=\"https:\/\/www.tucomarca.com\/wordpress\/segunda\/wp-content\/uploads\/2023\/09\/ChesteEscuelaFrontenis-724x1024.jpg 724w, https:\/\/www.tucomarca.com\/wordpress\/segunda\/wp-content\/uploads\/2023\/09\/ChesteEscuelaFrontenis-212x300.jpg 212w, https:\/\/www.tucomarca.com\/wordpress\/segunda\/wp-content\/uploads\/2023\/09\/ChesteEscuelaFrontenis-768x1086.jpg 768w, https:\/\/www.tucomarca.com\/wordpress\/segunda\/wp-content\/uploads\/2023\/09\/ChesteEscuelaFrontenis.jpg 886w\" sizes=\"auto, (max-width: 724px) 100vw, 724px\" \/><\/figure>\n","protected":false},"excerpt":{"rendered":"<div class=\"mh-excerpt\">Cheste ya cuenta con una nueva escuela de frontenis para edad escolar, de 6 a 16 a\u00f1os, tras al acuerdo de colaboraci\u00f3n recientemente alcanzado entre el Ayuntamiento, el Club de Frontenis Cheste y la Federaci\u00f3n <a class=\"mh-excerpt-more\" href=\"https:\/\/www.tucomarca.com\/wordpress\/segunda\/nueva-escuela-deportiva-de-frontenis-en-cheste\/\" title=\"Nueva escuela deportiva de frontenis en Cheste\">[+] <\/a><\/div>\n","protected":false},"author":12,"featured_media":199108,"comment_status":"open","ping_status":"open","sticky":false,"template":"","format":"standard","meta":{"footnotes":""},"categories":[17,6,8,10,199,3],"tags":[339,19698,5952],"class_list":{"0":"post-199106","1":"post","2":"type-post","3":"status-publish","4":"format-standard","5":"has-post-thumbnail","7":"category-cheste","8":"category-deportes","9":"category-la-comarca","10":"category-la-hoya","11":"category-polideportivo","12":"category-seccion","13":"tag-cheste-2","14":"tag-escuela-de-frontenis","15":"tag-la-hoya-de-bunol-chiva"},"_links":{"self":[{"href":"https:\/\/www.tucomarca.com\/wordpress\/segunda\/wp-json\/wp\/v2\/posts\/199106","targetHints":{"allow":["GET"]}}],"collection":[{"href":"https:\/\/www.tucomarca.com\/wordpress\/segunda\/wp-json\/wp\/v2\/posts"}],"about":[{"href":"https:\/\/www.tucomarca.com\/wordpress\/segunda\/wp-json\/wp\/v2\/types\/post"}],"author":[{"embeddable":true,"href":"https:\/\/www.tucomarca.com\/wordpress\/segunda\/wp-json\/wp\/v2\/users\/12"}],"replies":[{"embeddable":true,"href":"https:\/\/www.tucomarca.com\/wordpress\/segunda\/wp-json\/wp\/v2\/comments?post=199106"}],"version-history":[{"count":0,"href":"https:\/\/www.tucomarca.com\/wordpress\/segunda\/wp-json\/wp\/v2\/posts\/199106\/revisions"}],"wp:featuredmedia":[{"embeddable":true,"href":"https:\/\/www.tucomarca.com\/wordpress\/segunda\/wp-json\/wp\/v2\/media\/199108"}],"wp:attachment":[{"href":"https:\/\/www.tucomarca.com\/wordpress\/segunda\/wp-json\/wp\/v2\/media?parent=199106"}],"wp:term":[{"taxonomy":"category","embeddable":true,"href":"https:\/\/www.tucomarca.com\/wordpress\/segunda\/wp-json\/wp\/v2\/categories?post=199106"},{"taxonomy":"post_tag","embeddable":true,"href":"https:\/\/www.tucomarca.com\/wordpress\/segunda\/wp-json\/wp\/v2\/tags?post=199106"}],"curies":[{"name":"wp","href":"https:\/\/api.w.org\/{rel}","templated":true}]}}