{"id":199152,"date":"2023-09-29T09:09:00","date_gmt":"2023-09-29T07:09:00","guid":{"rendered":"https:\/\/www.tucomarca.com\/wordpress\/segunda\/?p=199152"},"modified":"2023-09-30T12:51:44","modified_gmt":"2023-09-30T10:51:44","slug":"riba-roja-de-turia-aprueba-el-uso-de-pictogramas-en-23-edificios-y-espacios-de-interes-para-que-las-personas-con-discapacidad-puedan-identificarlos","status":"publish","type":"post","link":"https:\/\/www.tucomarca.com\/wordpress\/segunda\/riba-roja-de-turia-aprueba-el-uso-de-pictogramas-en-23-edificios-y-espacios-de-interes-para-que-las-personas-con-discapacidad-puedan-identificarlos\/","title":{"rendered":"Riba-roja de T\u00faria aprueba el uso de pictogramas en 23 edificios y espacios de inter\u00e9s para que las personas con discapacidad puedan identificarlos\u00a0"},"content":{"rendered":"\n<p><strong>El pleno municipal da luz verde a la utilizaci\u00f3n de los s\u00edmbolos en 23 lugares, espacios e inmuebles de inter\u00e9s p\u00fablico para que puedan ser m\u00e1s accesibles&nbsp;<\/strong><\/p>\n\n\n\n<p>El pleno del Ayuntamiento de Riba-roja de T\u00faria ha aprobado una propuesta del equipo de gobierno del PSPV de utilizar los pictogramas en todos los edificios p\u00fablicos y de inter\u00e9s general ubicados en todo el t\u00e9rmino municipal. El prop\u00f3sito de esta iniciativa es favorecer la identificaci\u00f3n de todos los inmuebles y lugares con s\u00edmbolos que favorezcan y faciliten la accesibilidad y una mayor inclusi\u00f3n social de aquellas personas con una discapacidad cognitiva.&nbsp;<\/p>\n\n\n\n<p>Esta iniciativa se incluye en el programa \u201cAccesibilidad y Capacidad Cognitivas\u201d que consiste en generar recursos para la orientaci\u00f3n en espacios p\u00fablicos, uno de cuyos mecanismos de mayor relevancia lo constituyen el pictograma que permite una mayor orientaci\u00f3n en el entorno. Por ello, este tipo de s\u00edmbolos se adaptar\u00e1n a los inmuebles, lugares y espacios hallados en la localidad.&nbsp;<\/p>\n\n\n\n<p>La propuesta aprobada en el pleno municipal de Riba-roja de T\u00faria incluye el uso de pictogramas como un elemento que ofrece se\u00f1alizaci\u00f3n clara sobre lugares, objetos o acciones, comprensible para el mayor n\u00famero de personas, independientemente de su formaci\u00f3n o capacidad intelectual y permitir superar barreras idiom\u00e1ticas como uno de los principales argumentos.&nbsp;<\/p>\n\n\n\n<p>De esta forma, el objetivo del uso de los pictogramas pasa por favorecer la comprensi\u00f3n de las personas con una discapacidad al lograr una mayor accesibilidad cognitiva y, por tanto, una mayor inclusi\u00f3n social. La accesibilidad en el dise\u00f1o de los servicios, los productos, los edificios y los espacios de uso p\u00fablico y de inter\u00e9s general es una de las prioridades del actual equipo de gobierno. &nbsp; &nbsp;<\/p>\n\n\n\n<p>\u201cSe hace necesario incorporar las medidas que se proponen tanto para proyectos nuevos como para remodelar los edificios existentes con unos criterios claros basados en la accesibilidad universal\u201d, se\u00f1ala el acuerdo plenario, que a\u00f1ade que los edificios construidos, en los que se llevan a cabo actividades cotidianas y necesarias \u201ccontienen gran cantidad de informaci\u00f3n de muy diferente tipo, que llegan a trav\u00e9s de los sentidos; por ello, para poder realizar actividades aut\u00f3nomas y eficaces deben ser universalmente accesibles\u201d.&nbsp;<\/p>\n\n\n\n<p>La iniciativa refrendada por el pleno del Ayuntamiento de Riba-roja de T\u00faria detalla todos aquellos lugares, espacios e inmuebles de inter\u00e9s p\u00fablico en los que se insertar\u00e1n los referidos pictogramas. En concreto, se han incluido 23 lugares en los que se utilizar\u00e1n pictogramas, todos ellos ubicados en el casco urbano o en sus inmediaciones. Se trata del Ayuntamiento, la Iglesia Nuestra Se\u00f1ora Asunci\u00f3n, Mercado Municipal, Centro de Salud, Bibliotecas, Hogar del Jubilado, Servicios Sociales, Centro de D\u00eda, Centro Juvenil, Casa de Cultura, Auditorio, Polic\u00eda Local, Castillo o Parque Maldonado.&nbsp;<\/p>\n\n\n\n<p>Otros espacios incluidos en la propuesta son el Centro de Rehabilitaci\u00f3n, Trinquet Municipal, Espai de la Dona, Poliesportiu, Centro la Mall\u00e0, Pabell\u00f3n Municipal, Escoleta Municipal, Colegios de educaci\u00f3n primaria y, por \u00faltimo, los Insittutos de Educaci\u00f3n Secundaria de Riba-roja de T\u00faria. De esta forma, las remodelaciones se idear\u00e1n para beneficiar al mayor n\u00famero de personas posible.&nbsp;<\/p>\n\n\n\n<p>El acuerdo recuerda que las personas con discapacidad conforman un grupo vulnerable y numerosos al que el modo en que se estructura y funciona la sociedad \u201cha mantenido habitualmente en condiciones de exclusi\u00f3n, lo que se ha traducido en una restricci\u00f3n de sus derechos y libertadas b\u00e1sicas, de ah\u00ed que para acabar con estas situaciones, concierne a todos los ciudadanos, organizaciones y entidades el impulso de medidas que promuevan la igualdad de oportunidad al suprimir los inconvenientes\u201d.&nbsp;<\/p>\n\n\n\n<p>El alcalde de Riba-roja de T\u00faria, Robert Raga, ha afirmado que esta propuesta \u201csupone el compromiso del equipo de gobierno por apostar por una inclusi\u00f3n completa de todas las personas, de forma que cada una de ellas pueda disponer de todos recursos sin ning\u00fan tipo de discriminaci\u00f3n respecto de otras personas, por ello todos los edificios y espacios se dotar\u00e1n de los pictogramas identificativos\u201d. &nbsp;<\/p>\n\n\n\n<figure class=\"wp-block-gallery has-nested-images columns-2 is-cropped wp-block-gallery-1 is-layout-flex wp-block-gallery-is-layout-flex\">\n<figure class=\"wp-block-image size-large\"><img loading=\"lazy\" decoding=\"async\" width=\"1024\" height=\"691\" data-id=\"199159\" src=\"https:\/\/www.tucomarca.com\/wordpress\/segunda\/wp-content\/uploads\/2023\/09\/foto1-3-1024x691.jpg\" alt=\"\" class=\"wp-image-199159\" srcset=\"https:\/\/www.tucomarca.com\/wordpress\/segunda\/wp-content\/uploads\/2023\/09\/foto1-3-1024x691.jpg 1024w, https:\/\/www.tucomarca.com\/wordpress\/segunda\/wp-content\/uploads\/2023\/09\/foto1-3-300x203.jpg 300w, https:\/\/www.tucomarca.com\/wordpress\/segunda\/wp-content\/uploads\/2023\/09\/foto1-3-768x518.jpg 768w, https:\/\/www.tucomarca.com\/wordpress\/segunda\/wp-content\/uploads\/2023\/09\/foto1-3-1536x1037.jpg 1536w, https:\/\/www.tucomarca.com\/wordpress\/segunda\/wp-content\/uploads\/2023\/09\/foto1-3.jpg 1600w\" sizes=\"auto, (max-width: 1024px) 100vw, 1024px\" \/><\/figure>\n\n\n\n<figure class=\"wp-block-image size-large\"><img loading=\"lazy\" decoding=\"async\" width=\"1024\" height=\"682\" data-id=\"199155\" src=\"https:\/\/www.tucomarca.com\/wordpress\/segunda\/wp-content\/uploads\/2023\/09\/foto2-2-1024x682.jpg\" alt=\"\" class=\"wp-image-199155\" srcset=\"https:\/\/www.tucomarca.com\/wordpress\/segunda\/wp-content\/uploads\/2023\/09\/foto2-2-1024x682.jpg 1024w, https:\/\/www.tucomarca.com\/wordpress\/segunda\/wp-content\/uploads\/2023\/09\/foto2-2-300x200.jpg 300w, https:\/\/www.tucomarca.com\/wordpress\/segunda\/wp-content\/uploads\/2023\/09\/foto2-2-768x512.jpg 768w, https:\/\/www.tucomarca.com\/wordpress\/segunda\/wp-content\/uploads\/2023\/09\/foto2-2-1536x1023.jpg 1536w, https:\/\/www.tucomarca.com\/wordpress\/segunda\/wp-content\/uploads\/2023\/09\/foto2-2.jpg 1600w\" sizes=\"auto, (max-width: 1024px) 100vw, 1024px\" \/><\/figure>\n\n\n\n<figure class=\"wp-block-image size-large\"><img loading=\"lazy\" decoding=\"async\" width=\"1024\" height=\"461\" data-id=\"199157\" src=\"https:\/\/www.tucomarca.com\/wordpress\/segunda\/wp-content\/uploads\/2023\/09\/foto4-2-1024x461.jpeg\" alt=\"\" class=\"wp-image-199157\" srcset=\"https:\/\/www.tucomarca.com\/wordpress\/segunda\/wp-content\/uploads\/2023\/09\/foto4-2-1024x461.jpeg 1024w, https:\/\/www.tucomarca.com\/wordpress\/segunda\/wp-content\/uploads\/2023\/09\/foto4-2-300x135.jpeg 300w, https:\/\/www.tucomarca.com\/wordpress\/segunda\/wp-content\/uploads\/2023\/09\/foto4-2-768x346.jpeg 768w, https:\/\/www.tucomarca.com\/wordpress\/segunda\/wp-content\/uploads\/2023\/09\/foto4-2-1536x691.jpeg 1536w, https:\/\/www.tucomarca.com\/wordpress\/segunda\/wp-content\/uploads\/2023\/09\/foto4-2.jpeg 2000w\" sizes=\"auto, (max-width: 1024px) 100vw, 1024px\" \/><\/figure>\n<\/figure>\n","protected":false},"excerpt":{"rendered":"<div class=\"mh-excerpt\">El pleno municipal da luz verde a la utilizaci\u00f3n de los s\u00edmbolos en 23 lugares, espacios e inmuebles de inter\u00e9s p\u00fablico para que puedan ser m\u00e1s accesibles&nbsp; El pleno del Ayuntamiento de Riba-roja de T\u00faria <a class=\"mh-excerpt-more\" href=\"https:\/\/www.tucomarca.com\/wordpress\/segunda\/riba-roja-de-turia-aprueba-el-uso-de-pictogramas-en-23-edificios-y-espacios-de-interes-para-que-las-personas-con-discapacidad-puedan-identificarlos\/\" title=\"Riba-roja de T\u00faria aprueba el uso de pictogramas en 23 edificios y espacios de inter\u00e9s para que las personas con discapacidad puedan identificarlos\u00a0\">[+] <\/a><\/div>\n","protected":false},"author":13,"featured_media":199153,"comment_status":"open","ping_status":"open","sticky":false,"template":"","format":"gallery","meta":{"footnotes":""},"categories":[46,128,8,142,182,3],"tags":[10395,10412,1939,1504],"class_list":{"0":"post-199152","1":"post","2":"type-post","3":"status-publish","4":"format-gallery","5":"has-post-thumbnail","7":"category-camp-de-turia","8":"category-infraestructuras","9":"category-la-comarca","10":"category-politica-la-comarca","11":"category-riba-roja","12":"category-seccion","13":"tag-camp-de-turia","14":"tag-infraestructuras","15":"tag-integracion","16":"tag-riba-roja-2","17":"post_format-post-format-gallery"},"_links":{"self":[{"href":"https:\/\/www.tucomarca.com\/wordpress\/segunda\/wp-json\/wp\/v2\/posts\/199152","targetHints":{"allow":["GET"]}}],"collection":[{"href":"https:\/\/www.tucomarca.com\/wordpress\/segunda\/wp-json\/wp\/v2\/posts"}],"about":[{"href":"https:\/\/www.tucomarca.com\/wordpress\/segunda\/wp-json\/wp\/v2\/types\/post"}],"author":[{"embeddable":true,"href":"https:\/\/www.tucomarca.com\/wordpress\/segunda\/wp-json\/wp\/v2\/users\/13"}],"replies":[{"embeddable":true,"href":"https:\/\/www.tucomarca.com\/wordpress\/segunda\/wp-json\/wp\/v2\/comments?post=199152"}],"version-history":[{"count":0,"href":"https:\/\/www.tucomarca.com\/wordpress\/segunda\/wp-json\/wp\/v2\/posts\/199152\/revisions"}],"wp:featuredmedia":[{"embeddable":true,"href":"https:\/\/www.tucomarca.com\/wordpress\/segunda\/wp-json\/wp\/v2\/media\/199153"}],"wp:attachment":[{"href":"https:\/\/www.tucomarca.com\/wordpress\/segunda\/wp-json\/wp\/v2\/media?parent=199152"}],"wp:term":[{"taxonomy":"category","embeddable":true,"href":"https:\/\/www.tucomarca.com\/wordpress\/segunda\/wp-json\/wp\/v2\/categories?post=199152"},{"taxonomy":"post_tag","embeddable":true,"href":"https:\/\/www.tucomarca.com\/wordpress\/segunda\/wp-json\/wp\/v2\/tags?post=199152"}],"curies":[{"name":"wp","href":"https:\/\/api.w.org\/{rel}","templated":true}]}}