{"id":199164,"date":"2023-09-30T10:00:00","date_gmt":"2023-09-30T08:00:00","guid":{"rendered":"https:\/\/www.tucomarca.com\/wordpress\/segunda\/?p=199164"},"modified":"2023-09-30T13:02:29","modified_gmt":"2023-09-30T11:02:29","slug":"la-escuela-de-musica-y-danza-luis-ayllon-celebra-unas-jornadas-de-puertas-abiertas-con-novedades-en-su-oferta-educativa","status":"publish","type":"post","link":"https:\/\/www.tucomarca.com\/wordpress\/segunda\/la-escuela-de-musica-y-danza-luis-ayllon-celebra-unas-jornadas-de-puertas-abiertas-con-novedades-en-su-oferta-educativa\/","title":{"rendered":"La Escuela de M\u00fasica y Danza \u201cLuis Ayll\u00f3n\u201d celebra unas jornadas de puertas abiertas con novedades en su oferta educativa"},"content":{"rendered":"\n<p>El pasado 11 de septiembre arrancaba el nuevo Curso en la Escuela de M\u00fasica y Danza \u201cLuis Ayll\u00f3n\u201d de la Sociedad Musical \u201cLa Art\u00edstica\u201d de Bu\u00f1ol, y lo hace con ilusiones y energ\u00edas renovadas despu\u00e9s del verano.&nbsp;<\/p>\n\n\n\n<p>Continuando con las iniciativas emprendidas en los cursos anteriores, a las ense\u00f1anzas de instrumentos de cuerda, viento y metal de manera individual, se unen el trabajo en equipo con los ensembles y conjuntos instrumentales que afianzan lazos entre nuestros educandos, en un camino que les llevar\u00e1 hasta la Banda Juvenil.&nbsp;<\/p>\n\n\n\n<p>Como novedad en este Curso 2023\/2024, se oferta Solfeo R\u00edtmico de Jazz, con Jeff Jerolamon, profesor de bater\u00eda jazz en el Conservatorio Superior de M\u00fasica \u201cJoaqu\u00edn Rodrigo\u201d de Valencia. Los alumnos profundizar\u00e1n en el lenguaje de jazz a trav\u00e9s de la r\u00edtmica, articulaciones, estilo e interpretaci\u00f3n, sin importar el nivel o el instrumento. Este baterista estadounidense afincado en Bu\u00f1ol, cuenta con una larga trayectoria como profesor y como int\u00e9rprete, siendo una figura consagrada en el mundo del jazz, acompa\u00f1ando a grandes solistas y liderando sus propios proyectos musicales.&nbsp;<\/p>\n\n\n\n<p>Contin\u00faa la apuesta por la ense\u00f1anza del M\u00e9todo Suzuki para instrumentos de cuerda, que arranc\u00f3 hace unos a\u00f1os en la Escuela, con una buena acogida entre los m\u00e1s peque\u00f1os y sus familias, parte indispensable de este m\u00e9todo de ense\u00f1anza. Asentado en escuelas de todo el mundo, el M\u00e9todo Suzuki complementa el desarrollo psicomotriz y musicales, ofreciendo unos resultados incre\u00edbles en los alumnos, que contar\u00e1n con la gu\u00eda de Maite Galarza, profesora del Conservatorio Profesional de M\u00fasica de Requena, con una amplia experiencia pedag\u00f3gica.&nbsp;<\/p>\n\n\n\n<p>Con tal de dar a conocer su labor, la Escuela de M\u00fasica y Danza \u201cLuis Ayll\u00f3n\u201d celebrar\u00e1 del 2 al 5 de octubre unas jornadas de puertas abiertas en las que el equipo directivo dar\u00e1 a conocer las actividades que se ofertan desde la Escuela como primeros pasos en el mundo de la m\u00fasica: Preparatorio el lunes 2 de octubre, M\u00fasica y movimiento el martes 3 de octubre, el mi\u00e9rcoles 4 de octubre 1\u00ba de Lenguaje musical y cerrando el viernes 5 de octubre con Iniciaci\u00f3n. Adem\u00e1s, ofertan la matr\u00edcula gratuita para aquellos alumnos que se matriculen tras asistir a las jornadas de puertas abiertas. La inscripci\u00f3n a estas jornadas se realiza online a trav\u00e9s del siguiente enlace: https:\/\/forms.gle\/LdpanVTG6eQmH3Vg9<\/p>\n\n\n\n<p>El periodo de informaci\u00f3n y matriculaci\u00f3n sigue abierto, de lunes a viernes de 16 a 19 horas en Secretar\u00eda as\u00ed como a trav\u00e9s del correo electr\u00f3nico escuelaluisayllon@gmail.com <\/p>\n\n\n\n<figure class=\"wp-block-gallery has-nested-images columns-default is-cropped wp-block-gallery-1 is-layout-flex wp-block-gallery-is-layout-flex\">\n<figure class=\"wp-block-image size-large\"><img loading=\"lazy\" decoding=\"async\" width=\"724\" height=\"1024\" data-id=\"199169\" src=\"https:\/\/www.tucomarca.com\/wordpress\/segunda\/wp-content\/uploads\/2023\/09\/Solfeo-ritmico-de-Jazz-724x1024.jpg\" alt=\"\" class=\"wp-image-199169\" srcset=\"https:\/\/www.tucomarca.com\/wordpress\/segunda\/wp-content\/uploads\/2023\/09\/Solfeo-ritmico-de-Jazz-724x1024.jpg 724w, https:\/\/www.tucomarca.com\/wordpress\/segunda\/wp-content\/uploads\/2023\/09\/Solfeo-ritmico-de-Jazz-212x300.jpg 212w, https:\/\/www.tucomarca.com\/wordpress\/segunda\/wp-content\/uploads\/2023\/09\/Solfeo-ritmico-de-Jazz-768x1087.jpg 768w, https:\/\/www.tucomarca.com\/wordpress\/segunda\/wp-content\/uploads\/2023\/09\/Solfeo-ritmico-de-Jazz-1085x1536.jpg 1085w, https:\/\/www.tucomarca.com\/wordpress\/segunda\/wp-content\/uploads\/2023\/09\/Solfeo-ritmico-de-Jazz.jpg 1240w\" sizes=\"auto, (max-width: 724px) 100vw, 724px\" \/><\/figure>\n\n\n\n<figure class=\"wp-block-image size-large\"><img loading=\"lazy\" decoding=\"async\" width=\"724\" height=\"1024\" data-id=\"199167\" src=\"https:\/\/www.tucomarca.com\/wordpress\/segunda\/wp-content\/uploads\/2023\/09\/Metodo-Suzuki-724x1024.jpg\" alt=\"\" class=\"wp-image-199167\" srcset=\"https:\/\/www.tucomarca.com\/wordpress\/segunda\/wp-content\/uploads\/2023\/09\/Metodo-Suzuki-724x1024.jpg 724w, https:\/\/www.tucomarca.com\/wordpress\/segunda\/wp-content\/uploads\/2023\/09\/Metodo-Suzuki-212x300.jpg 212w, https:\/\/www.tucomarca.com\/wordpress\/segunda\/wp-content\/uploads\/2023\/09\/Metodo-Suzuki-768x1087.jpg 768w, https:\/\/www.tucomarca.com\/wordpress\/segunda\/wp-content\/uploads\/2023\/09\/Metodo-Suzuki-1086x1536.jpg 1086w, https:\/\/www.tucomarca.com\/wordpress\/segunda\/wp-content\/uploads\/2023\/09\/Metodo-Suzuki-1447x2048.jpg 1447w, https:\/\/www.tucomarca.com\/wordpress\/segunda\/wp-content\/uploads\/2023\/09\/Metodo-Suzuki-scaled.jpg 1809w\" sizes=\"auto, (max-width: 724px) 100vw, 724px\" \/><\/figure>\n<\/figure>\n","protected":false},"excerpt":{"rendered":"<div class=\"mh-excerpt\">El pasado 11 de septiembre arrancaba el nuevo Curso en la Escuela de M\u00fasica y Danza \u201cLuis Ayll\u00f3n\u201d de la Sociedad Musical \u201cLa Art\u00edstica\u201d de Bu\u00f1ol, y lo hace con ilusiones y energ\u00edas renovadas despu\u00e9s <a class=\"mh-excerpt-more\" href=\"https:\/\/www.tucomarca.com\/wordpress\/segunda\/la-escuela-de-musica-y-danza-luis-ayllon-celebra-unas-jornadas-de-puertas-abiertas-con-novedades-en-su-oferta-educativa\/\" title=\"La Escuela de M\u00fasica y Danza \u201cLuis Ayll\u00f3n\u201d celebra unas jornadas de puertas abiertas con novedades en su oferta educativa\">[+] <\/a><\/div>\n","protected":false},"author":13,"featured_media":199165,"comment_status":"open","ping_status":"open","sticky":false,"template":"","format":"image","meta":{"footnotes":""},"categories":[4,18,66,8,10,7,3],"tags":[10385,10401,12271,5952],"class_list":{"0":"post-199164","1":"post","2":"type-post","3":"status-publish","4":"format-image","5":"has-post-thumbnail","7":"category-agenda","8":"category-bunol","9":"category-musica","10":"category-la-comarca","11":"category-la-hoya","12":"category-ocio-y-cultura","13":"category-seccion","14":"tag-bunol","15":"tag-musica","16":"tag-escuela-de-musica-y-danza-luis-ayllon","17":"tag-la-hoya-de-bunol-chiva","18":"post_format-post-format-image"},"_links":{"self":[{"href":"https:\/\/www.tucomarca.com\/wordpress\/segunda\/wp-json\/wp\/v2\/posts\/199164","targetHints":{"allow":["GET"]}}],"collection":[{"href":"https:\/\/www.tucomarca.com\/wordpress\/segunda\/wp-json\/wp\/v2\/posts"}],"about":[{"href":"https:\/\/www.tucomarca.com\/wordpress\/segunda\/wp-json\/wp\/v2\/types\/post"}],"author":[{"embeddable":true,"href":"https:\/\/www.tucomarca.com\/wordpress\/segunda\/wp-json\/wp\/v2\/users\/13"}],"replies":[{"embeddable":true,"href":"https:\/\/www.tucomarca.com\/wordpress\/segunda\/wp-json\/wp\/v2\/comments?post=199164"}],"version-history":[{"count":0,"href":"https:\/\/www.tucomarca.com\/wordpress\/segunda\/wp-json\/wp\/v2\/posts\/199164\/revisions"}],"wp:featuredmedia":[{"embeddable":true,"href":"https:\/\/www.tucomarca.com\/wordpress\/segunda\/wp-json\/wp\/v2\/media\/199165"}],"wp:attachment":[{"href":"https:\/\/www.tucomarca.com\/wordpress\/segunda\/wp-json\/wp\/v2\/media?parent=199164"}],"wp:term":[{"taxonomy":"category","embeddable":true,"href":"https:\/\/www.tucomarca.com\/wordpress\/segunda\/wp-json\/wp\/v2\/categories?post=199164"},{"taxonomy":"post_tag","embeddable":true,"href":"https:\/\/www.tucomarca.com\/wordpress\/segunda\/wp-json\/wp\/v2\/tags?post=199164"}],"curies":[{"name":"wp","href":"https:\/\/api.w.org\/{rel}","templated":true}]}}