{"id":199285,"date":"2023-09-30T09:00:00","date_gmt":"2023-09-30T07:00:00","guid":{"rendered":"https:\/\/www.tucomarca.com\/wordpress\/segunda\/?p=199285"},"modified":"2023-10-02T13:35:52","modified_gmt":"2023-10-02T11:35:52","slug":"el-consell-aprueba-la-creacion-de-una-escuela-infantil-en-tuejar","status":"publish","type":"post","link":"https:\/\/www.tucomarca.com\/wordpress\/segunda\/el-consell-aprueba-la-creacion-de-una-escuela-infantil-en-tuejar\/","title":{"rendered":"El Consell aprueba la creaci\u00f3n de una escuela infantil en Tu\u00e9jar"},"content":{"rendered":"\n<h4 class=\"wp-block-heading\"><strong>Se trata de una escuela infantil de primer ciclo con 11 puestos escolares en una unidad<\/strong><\/h4>\n\n\n\n<p>El Pleno del Consell ha aprobado el decreto para la creaci\u00f3n de una escuela infantil en Tu\u00e9jar por cambio de titularidad.&nbsp;<\/p>\n\n\n\n<p>La Escuela Infantil de Primer Ciclo, situada en la calle San Juan, n\u00famero 19 de la localidad de Tu\u00e9jar, estar\u00e1 integrada por una unidad de Educaci\u00f3n Infantil de primer ciclo con una capacidad de 11 plazas escolares.<\/p>\n\n\n\n<p>Este centro se crea a petici\u00f3n del Ayuntamiento de Tu\u00e9jar, que solicit\u00f3 la integraci\u00f3n de la guarder\u00eda municipal en la red de centros educativos de la Generalitat.<\/p>\n","protected":false},"excerpt":{"rendered":"<div class=\"mh-excerpt\">Se trata de una escuela infantil de primer ciclo con 11 puestos escolares en una unidad El Pleno del Consell ha aprobado el decreto para la creaci\u00f3n de una escuela infantil en Tu\u00e9jar por cambio <a class=\"mh-excerpt-more\" href=\"https:\/\/www.tucomarca.com\/wordpress\/segunda\/el-consell-aprueba-la-creacion-de-una-escuela-infantil-en-tuejar\/\" title=\"El Consell aprueba la creaci\u00f3n de una escuela infantil en Tu\u00e9jar\">[+] <\/a><\/div>\n","protected":false},"author":12,"featured_media":199297,"comment_status":"open","ping_status":"open","sticky":false,"template":"","format":"standard","meta":{"footnotes":""},"categories":[128,8,59,142,3,134,45],"tags":[715,3912,10400,10413],"class_list":{"0":"post-199285","1":"post","2":"type-post","3":"status-publish","4":"format-standard","5":"has-post-thumbnail","7":"category-infraestructuras","8":"category-la-comarca","9":"category-los-serranos","10":"category-politica-la-comarca","11":"category-seccion","12":"category-tuejar","13":"category-ventana","14":"tag-escuela-infantil","15":"tag-la-serrania","16":"tag-los-serranos","17":"tag-tuejar"},"_links":{"self":[{"href":"https:\/\/www.tucomarca.com\/wordpress\/segunda\/wp-json\/wp\/v2\/posts\/199285","targetHints":{"allow":["GET"]}}],"collection":[{"href":"https:\/\/www.tucomarca.com\/wordpress\/segunda\/wp-json\/wp\/v2\/posts"}],"about":[{"href":"https:\/\/www.tucomarca.com\/wordpress\/segunda\/wp-json\/wp\/v2\/types\/post"}],"author":[{"embeddable":true,"href":"https:\/\/www.tucomarca.com\/wordpress\/segunda\/wp-json\/wp\/v2\/users\/12"}],"replies":[{"embeddable":true,"href":"https:\/\/www.tucomarca.com\/wordpress\/segunda\/wp-json\/wp\/v2\/comments?post=199285"}],"version-history":[{"count":0,"href":"https:\/\/www.tucomarca.com\/wordpress\/segunda\/wp-json\/wp\/v2\/posts\/199285\/revisions"}],"wp:featuredmedia":[{"embeddable":true,"href":"https:\/\/www.tucomarca.com\/wordpress\/segunda\/wp-json\/wp\/v2\/media\/199297"}],"wp:attachment":[{"href":"https:\/\/www.tucomarca.com\/wordpress\/segunda\/wp-json\/wp\/v2\/media?parent=199285"}],"wp:term":[{"taxonomy":"category","embeddable":true,"href":"https:\/\/www.tucomarca.com\/wordpress\/segunda\/wp-json\/wp\/v2\/categories?post=199285"},{"taxonomy":"post_tag","embeddable":true,"href":"https:\/\/www.tucomarca.com\/wordpress\/segunda\/wp-json\/wp\/v2\/tags?post=199285"}],"curies":[{"name":"wp","href":"https:\/\/api.w.org\/{rel}","templated":true}]}}