{"id":199294,"date":"2023-10-02T09:00:00","date_gmt":"2023-10-02T07:00:00","guid":{"rendered":"https:\/\/www.tucomarca.com\/wordpress\/segunda\/?p=199294"},"modified":"2023-10-02T13:16:38","modified_gmt":"2023-10-02T11:16:38","slug":"rescatan-en-helicoptero-a-una-mujer-que-ha-sufrido-una-caida-en-la-murta-de-alzira","status":"publish","type":"post","link":"https:\/\/www.tucomarca.com\/wordpress\/segunda\/rescatan-en-helicoptero-a-una-mujer-que-ha-sufrido-una-caida-en-la-murta-de-alzira\/","title":{"rendered":"Rescatan en helic\u00f3ptero a una mujer que ha sufrido una ca\u00edda en La Murta de Alzira"},"content":{"rendered":"\n<p>Los bomberos del Consorcio de Valencia han rescatado una mujer que hab\u00eda sufrido una ca\u00edda en el paraje de la Murta, en Alzira, y que se hab\u00eda lesionado la pierna, impidi\u00e9ndole andar. <\/p>\n\n\n\n<p>Todo ha pasado cerca de las 14,00 horas y hasta el lugar, concretamente la senda Bot\u00e1nica de la Umbr\u00eda, el Consorcio ha movilizado bomberos y sargento del parque de Alzira, y grupo de rescate en altura GERA con helic\u00f3ptero V-990 del Consorcio con m\u00e9dico. <\/p>\n\n\n\n<p>Ha sido evacuada v\u00eda a\u00e9rea hasta la helisuperficie de Alzira, donde ha sido transferida a los medios sanitarios.<\/p>\n\n\n\n<figure class=\"wp-block-gallery has-nested-images columns-2 is-cropped wp-block-gallery-1 is-layout-flex wp-block-gallery-is-layout-flex\">\n<figure class=\"wp-block-image size-large\"><img loading=\"lazy\" decoding=\"async\" width=\"739\" height=\"1599\" data-id=\"199299\" src=\"https:\/\/www.tucomarca.com\/wordpress\/segunda\/wp-content\/uploads\/2023\/10\/AlziraRescateBomber2.jpeg\" alt=\"\" class=\"wp-image-199299\" srcset=\"https:\/\/www.tucomarca.com\/wordpress\/segunda\/wp-content\/uploads\/2023\/10\/AlziraRescateBomber2.jpeg 739w, https:\/\/www.tucomarca.com\/wordpress\/segunda\/wp-content\/uploads\/2023\/10\/AlziraRescateBomber2-139x300.jpeg 139w, https:\/\/www.tucomarca.com\/wordpress\/segunda\/wp-content\/uploads\/2023\/10\/AlziraRescateBomber2-473x1024.jpeg 473w, https:\/\/www.tucomarca.com\/wordpress\/segunda\/wp-content\/uploads\/2023\/10\/AlziraRescateBomber2-710x1536.jpeg 710w\" sizes=\"auto, (max-width: 739px) 100vw, 739px\" \/><\/figure>\n\n\n\n<figure class=\"wp-block-image size-large\"><img loading=\"lazy\" decoding=\"async\" width=\"1200\" height=\"1599\" data-id=\"199295\" src=\"https:\/\/www.tucomarca.com\/wordpress\/segunda\/wp-content\/uploads\/2023\/10\/AlziraRescateBomber1.jpeg\" alt=\"\" class=\"wp-image-199295\" srcset=\"https:\/\/www.tucomarca.com\/wordpress\/segunda\/wp-content\/uploads\/2023\/10\/AlziraRescateBomber1.jpeg 1200w, https:\/\/www.tucomarca.com\/wordpress\/segunda\/wp-content\/uploads\/2023\/10\/AlziraRescateBomber1-225x300.jpeg 225w, https:\/\/www.tucomarca.com\/wordpress\/segunda\/wp-content\/uploads\/2023\/10\/AlziraRescateBomber1-768x1023.jpeg 768w, https:\/\/www.tucomarca.com\/wordpress\/segunda\/wp-content\/uploads\/2023\/10\/AlziraRescateBomber1-1153x1536.jpeg 1153w\" sizes=\"auto, (max-width: 1200px) 100vw, 1200px\" \/><\/figure>\n\n\n\n<figure class=\"wp-block-image size-large\"><img loading=\"lazy\" decoding=\"async\" width=\"1599\" height=\"1200\" data-id=\"199301\" src=\"https:\/\/www.tucomarca.com\/wordpress\/segunda\/wp-content\/uploads\/2023\/10\/AlziraREscateBomber3.jpeg\" alt=\"\" class=\"wp-image-199301\" srcset=\"https:\/\/www.tucomarca.com\/wordpress\/segunda\/wp-content\/uploads\/2023\/10\/AlziraREscateBomber3.jpeg 1599w, https:\/\/www.tucomarca.com\/wordpress\/segunda\/wp-content\/uploads\/2023\/10\/AlziraREscateBomber3-300x225.jpeg 300w, https:\/\/www.tucomarca.com\/wordpress\/segunda\/wp-content\/uploads\/2023\/10\/AlziraREscateBomber3-1024x768.jpeg 1024w, https:\/\/www.tucomarca.com\/wordpress\/segunda\/wp-content\/uploads\/2023\/10\/AlziraREscateBomber3-768x576.jpeg 768w, https:\/\/www.tucomarca.com\/wordpress\/segunda\/wp-content\/uploads\/2023\/10\/AlziraREscateBomber3-1536x1153.jpeg 1536w, https:\/\/www.tucomarca.com\/wordpress\/segunda\/wp-content\/uploads\/2023\/10\/AlziraREscateBomber3-678x509.jpeg 678w, https:\/\/www.tucomarca.com\/wordpress\/segunda\/wp-content\/uploads\/2023\/10\/AlziraREscateBomber3-326x245.jpeg 326w, https:\/\/www.tucomarca.com\/wordpress\/segunda\/wp-content\/uploads\/2023\/10\/AlziraREscateBomber3-80x60.jpeg 80w\" sizes=\"auto, (max-width: 1599px) 100vw, 1599px\" \/><\/figure>\n<\/figure>\n","protected":false},"excerpt":{"rendered":"<div class=\"mh-excerpt\">Los bomberos del Consorcio de Valencia han rescatado una mujer que hab\u00eda sufrido una ca\u00edda en el paraje de la Murta, en Alzira, y que se hab\u00eda lesionado la pierna, impidi\u00e9ndole andar. Todo ha pasado <a class=\"mh-excerpt-more\" href=\"https:\/\/www.tucomarca.com\/wordpress\/segunda\/rescatan-en-helicoptero-a-una-mujer-que-ha-sufrido-una-caida-en-la-murta-de-alzira\/\" title=\"Rescatan en helic\u00f3ptero a una mujer que ha sufrido una ca\u00edda en La Murta de Alzira\">[+] <\/a><\/div>\n","protected":false},"author":1,"featured_media":199299,"comment_status":"open","ping_status":"open","sticky":false,"template":"","format":"gallery","meta":{"footnotes":""},"categories":[69,128,8,72,42,117,3,116,45],"tags":[10402,3640,33],"class_list":{"0":"post-199294","1":"post","2":"type-post","3":"status-publish","4":"format-gallery","5":"has-post-thumbnail","7":"category-alzira","8":"category-infraestructuras","9":"category-la-comarca","10":"category-sin-categorizar","11":"category-la-ribera","12":"category-medio-ambiente-la-comarca","13":"category-seccion","14":"category-sucesos-la-comarca","15":"category-ventana","16":"tag-alzira","17":"tag-la-ribera-alta","18":"tag-sucesos","19":"post_format-post-format-gallery"},"_links":{"self":[{"href":"https:\/\/www.tucomarca.com\/wordpress\/segunda\/wp-json\/wp\/v2\/posts\/199294","targetHints":{"allow":["GET"]}}],"collection":[{"href":"https:\/\/www.tucomarca.com\/wordpress\/segunda\/wp-json\/wp\/v2\/posts"}],"about":[{"href":"https:\/\/www.tucomarca.com\/wordpress\/segunda\/wp-json\/wp\/v2\/types\/post"}],"author":[{"embeddable":true,"href":"https:\/\/www.tucomarca.com\/wordpress\/segunda\/wp-json\/wp\/v2\/users\/1"}],"replies":[{"embeddable":true,"href":"https:\/\/www.tucomarca.com\/wordpress\/segunda\/wp-json\/wp\/v2\/comments?post=199294"}],"version-history":[{"count":0,"href":"https:\/\/www.tucomarca.com\/wordpress\/segunda\/wp-json\/wp\/v2\/posts\/199294\/revisions"}],"wp:featuredmedia":[{"embeddable":true,"href":"https:\/\/www.tucomarca.com\/wordpress\/segunda\/wp-json\/wp\/v2\/media\/199299"}],"wp:attachment":[{"href":"https:\/\/www.tucomarca.com\/wordpress\/segunda\/wp-json\/wp\/v2\/media?parent=199294"}],"wp:term":[{"taxonomy":"category","embeddable":true,"href":"https:\/\/www.tucomarca.com\/wordpress\/segunda\/wp-json\/wp\/v2\/categories?post=199294"},{"taxonomy":"post_tag","embeddable":true,"href":"https:\/\/www.tucomarca.com\/wordpress\/segunda\/wp-json\/wp\/v2\/tags?post=199294"}],"curies":[{"name":"wp","href":"https:\/\/api.w.org\/{rel}","templated":true}]}}