{"id":199312,"date":"2023-10-02T09:30:00","date_gmt":"2023-10-02T07:30:00","guid":{"rendered":"https:\/\/www.tucomarca.com\/wordpress\/segunda\/?p=199312"},"modified":"2023-10-03T09:51:13","modified_gmt":"2023-10-03T07:51:13","slug":"se-presenta-este-jueves-la-tercera-edicion-de-los-presupuestos-participativos-de-bunol","status":"publish","type":"post","link":"https:\/\/www.tucomarca.com\/wordpress\/segunda\/se-presenta-este-jueves-la-tercera-edicion-de-los-presupuestos-participativos-de-bunol\/","title":{"rendered":"Se presenta este jueves la tercera edici\u00f3n de los Presupuestos Participativos de Bu\u00f1ol"},"content":{"rendered":"\n<h4 class=\"wp-block-heading\">La presentaci\u00f3n de la tercera edici\u00f3n tendr\u00e1 lugar el jueves 5 de octubre a las 19,00h en la Sala del Mercado, ese mismo d\u00eda se abrir\u00e1 la fase de env\u00edo de propuestas a trav\u00e9s de la p\u00e1gina <em>www.bu\u00f1olparticipa.es<\/em><\/h4>\n\n\n\n<p>Esta es una iniciativa de la Concejal\u00eda de Participaci\u00f3n del Ayuntamiento de Bu\u00f1ol, que tiene como objetivo fomentar el desarrollo de una cultura participativa y contribuir a la normalizaci\u00f3n de la implicaci\u00f3n de la ciudadan\u00eda en el proceso de toma de decisiones sobre pol\u00edticas p\u00fablicas. Se invita a la ciudadan\u00eda de Bu\u00f1ol a proponer aquellas actuaciones que consideren prioritarias para mejorar los servicios municipales, y conseguir que su municipio avance hacia un desarrollo sostenible; as\u00ed como a votar las propuestas que los servicios t\u00e9cnicos municipales hayan seleccionado de entre todas las presentadas, por ser consideradas viables.<\/p>\n\n\n\n<p>Los presupuestos participativos arrancan el 5 de octubre de 2023, con la presentaci\u00f3n p\u00fablica de la propuesta. El periodo de env\u00edo de propuestas estar\u00e1 abierto del 5 de octubre hasta el 30 de octubre de 2023. Las propuestas recibidas son valoradas por los servicios t\u00e9cnicos municipales del 30 de octubre al 19 de noviembre. Posteriormente se abrir\u00e1 el periodo de votaci\u00f3n de las propuestas seleccionadas del 20 al 3 de diciembre de 2023.<\/p>\n\n\n\n<p>La presentaci\u00f3n de esta tercera edici\u00f3n tendr\u00e1 lugar el jueves, 5 de octubre, a las 19,00h en la Sala del Mercado, ese mismo d\u00eda se abrir\u00e1 la fase de env\u00edo de propuestas. A trav\u00e9s de la p\u00e1gina <em>www.bu\u00f1olparticipa.es<\/em> &nbsp;cualquier persona podr\u00e1 acceder al env\u00edo de propuestas para el municipio, hasta el 30 de octubre de 2023, o de forma presencial en el ayuntamiento, antiguo instituto y biblioteca municipal. De entre todas las propuestas recibidas, los servicios t\u00e9cnicos municipales seleccionan aquellas que cumplan los siguientes requisitos b\u00e1sicos:<\/p>\n\n\n\n<ol class=\"wp-block-list\"><li>Que mejoren la prestaci\u00f3n de servicios municipales.<\/li><li>Que fomenten el desarrollo sostenible del municipio.<\/li><li>Que sean acciones competencia del Ayuntamiento.<\/li><li>Que se correspondan con inversiones y no superen los gastos previstos en los cap\u00edtulos correspondientes a los gastos corrientes o a inversiones del presupuesto municipal (cap\u00edtulo II o cap\u00edtulo VI).<\/li><li>Que no est\u00e9n ya ejecutadas o que su ejecuci\u00f3n no se encuentre ya aprobada.<\/li><li>Que resulten viables t\u00e9cnica y jur\u00eddicamente.<\/li><\/ol>\n","protected":false},"excerpt":{"rendered":"<div class=\"mh-excerpt\">La presentaci\u00f3n de la tercera edici\u00f3n tendr\u00e1 lugar el jueves 5 de octubre a las 19,00h en la Sala del Mercado, ese mismo d\u00eda se abrir\u00e1 la fase de env\u00edo de propuestas a trav\u00e9s de <a class=\"mh-excerpt-more\" href=\"https:\/\/www.tucomarca.com\/wordpress\/segunda\/se-presenta-este-jueves-la-tercera-edicion-de-los-presupuestos-participativos-de-bunol\/\" title=\"Se presenta este jueves la tercera edici\u00f3n de los Presupuestos Participativos de Bu\u00f1ol\">[+] <\/a><\/div>\n","protected":false},"author":12,"featured_media":199314,"comment_status":"open","ping_status":"open","sticky":false,"template":"","format":"standard","meta":{"footnotes":""},"categories":[4,18,128,8,10,142,3],"tags":[10385,19713,5952,12324],"class_list":{"0":"post-199312","1":"post","2":"type-post","3":"status-publish","4":"format-standard","5":"has-post-thumbnail","7":"category-agenda","8":"category-bunol","9":"category-infraestructuras","10":"category-la-comarca","11":"category-la-hoya","12":"category-politica-la-comarca","13":"category-seccion","14":"tag-bunol","15":"tag-bunol-participa","16":"tag-la-hoya-de-bunol-chiva","17":"tag-presupuestos-participativos"},"_links":{"self":[{"href":"https:\/\/www.tucomarca.com\/wordpress\/segunda\/wp-json\/wp\/v2\/posts\/199312","targetHints":{"allow":["GET"]}}],"collection":[{"href":"https:\/\/www.tucomarca.com\/wordpress\/segunda\/wp-json\/wp\/v2\/posts"}],"about":[{"href":"https:\/\/www.tucomarca.com\/wordpress\/segunda\/wp-json\/wp\/v2\/types\/post"}],"author":[{"embeddable":true,"href":"https:\/\/www.tucomarca.com\/wordpress\/segunda\/wp-json\/wp\/v2\/users\/12"}],"replies":[{"embeddable":true,"href":"https:\/\/www.tucomarca.com\/wordpress\/segunda\/wp-json\/wp\/v2\/comments?post=199312"}],"version-history":[{"count":0,"href":"https:\/\/www.tucomarca.com\/wordpress\/segunda\/wp-json\/wp\/v2\/posts\/199312\/revisions"}],"wp:featuredmedia":[{"embeddable":true,"href":"https:\/\/www.tucomarca.com\/wordpress\/segunda\/wp-json\/wp\/v2\/media\/199314"}],"wp:attachment":[{"href":"https:\/\/www.tucomarca.com\/wordpress\/segunda\/wp-json\/wp\/v2\/media?parent=199312"}],"wp:term":[{"taxonomy":"category","embeddable":true,"href":"https:\/\/www.tucomarca.com\/wordpress\/segunda\/wp-json\/wp\/v2\/categories?post=199312"},{"taxonomy":"post_tag","embeddable":true,"href":"https:\/\/www.tucomarca.com\/wordpress\/segunda\/wp-json\/wp\/v2\/tags?post=199312"}],"curies":[{"name":"wp","href":"https:\/\/api.w.org\/{rel}","templated":true}]}}