{"id":199332,"date":"2023-10-02T10:00:00","date_gmt":"2023-10-02T08:00:00","guid":{"rendered":"https:\/\/www.tucomarca.com\/wordpress\/segunda\/?p=199332"},"modified":"2023-10-02T15:07:30","modified_gmt":"2023-10-02T13:07:30","slug":"fotogaleria-las-fallas-de-benaguasil-celebran-el-mig-any-faller","status":"publish","type":"post","link":"https:\/\/www.tucomarca.com\/wordpress\/segunda\/fotogaleria-las-fallas-de-benaguasil-celebran-el-mig-any-faller\/","title":{"rendered":"Fotogaler\u00eda: Las Fallas de Benaguasil celebran el \u201cMig Any Faller\u201d\u00a0"},"content":{"rendered":"\n<p><strong>Tanto mayores como peque\u00f1os han disfrutado de las distintas actividades organizadas con motivo de este evento que marca el inicio del calendario fallero<\/strong><\/p>\n\n\n\n<p>Las diez comisiones de Benaguasil han celebrado este s\u00e1bado el V Mig Any Faller, organizado por la Junta Local Fallera y la colaboraci\u00f3n del Ayuntamiento, con la vista puesta en las pr\u00f3ximas fiestas josefinas.<\/p>\n\n\n\n<p>La jornada comenz\u00f3 en la Avenida con hinchables, pintacaras, animaci\u00f3n para los m\u00e1s peque\u00f1os y una globot\u00e0. Llegado el mediod\u00eda, las comisiones se reunieron para preparar la comida de hermandad, paellas o torr\u00e0.<\/p>\n\n\n\n<p>La tarde continu\u00f3 con ambientaci\u00f3n musical que se prolong\u00f3 hasta la noche, donde los falleros y falleras disfrutaron de una jornada festiva que se esperaba con muchas ganas y que ya se ha consolidado como uno de los eventos m\u00e1s se\u00f1alados del calendario fallero.<\/p>\n\n\n\n<p>El alcalde, Ximo Segarra y la concejal del \u00e1rea, Ana Aleixandre, acompa\u00f1aron al colectivo fallero en esta jornada de convivencia que goz\u00f3 de una gran participaci\u00f3n y en la que se conmemora que s\u00f3lo faltan seis meses para la fiesta fallera.<\/p>\n\n\n\n<p>La actividad fallera continuar\u00e1 el 21 de octubre con la presentaci\u00f3n de las Falleras Mayores de Benaguasil, Noem\u00ed Real y Ainhara Sanabria, y del presidente infantil, Asier Ortiz.<\/p>\n\n\n\n<figure class=\"wp-block-gallery has-nested-images columns-2 is-cropped wp-block-gallery-1 is-layout-flex wp-block-gallery-is-layout-flex\">\n<figure class=\"wp-block-image size-large\"><img loading=\"lazy\" decoding=\"async\" width=\"1024\" height=\"771\" data-id=\"199336\" src=\"https:\/\/www.tucomarca.com\/wordpress\/segunda\/wp-content\/uploads\/2023\/10\/hinchables-1024x771.jpg\" alt=\"\" class=\"wp-image-199336\" srcset=\"https:\/\/www.tucomarca.com\/wordpress\/segunda\/wp-content\/uploads\/2023\/10\/hinchables-1024x771.jpg 1024w, https:\/\/www.tucomarca.com\/wordpress\/segunda\/wp-content\/uploads\/2023\/10\/hinchables-300x226.jpg 300w, https:\/\/www.tucomarca.com\/wordpress\/segunda\/wp-content\/uploads\/2023\/10\/hinchables-768x578.jpg 768w, https:\/\/www.tucomarca.com\/wordpress\/segunda\/wp-content\/uploads\/2023\/10\/hinchables-1536x1157.jpg 1536w, https:\/\/www.tucomarca.com\/wordpress\/segunda\/wp-content\/uploads\/2023\/10\/hinchables-678x509.jpg 678w, https:\/\/www.tucomarca.com\/wordpress\/segunda\/wp-content\/uploads\/2023\/10\/hinchables-326x245.jpg 326w, https:\/\/www.tucomarca.com\/wordpress\/segunda\/wp-content\/uploads\/2023\/10\/hinchables-80x60.jpg 80w, https:\/\/www.tucomarca.com\/wordpress\/segunda\/wp-content\/uploads\/2023\/10\/hinchables.jpg 2040w\" sizes=\"auto, (max-width: 1024px) 100vw, 1024px\" \/><\/figure>\n\n\n\n<figure class=\"wp-block-image size-large\"><img loading=\"lazy\" decoding=\"async\" width=\"1024\" height=\"833\" data-id=\"199340\" src=\"https:\/\/www.tucomarca.com\/wordpress\/segunda\/wp-content\/uploads\/2023\/10\/paella-1024x833.jpg\" alt=\"\" class=\"wp-image-199340\" srcset=\"https:\/\/www.tucomarca.com\/wordpress\/segunda\/wp-content\/uploads\/2023\/10\/paella-1024x833.jpg 1024w, https:\/\/www.tucomarca.com\/wordpress\/segunda\/wp-content\/uploads\/2023\/10\/paella-300x244.jpg 300w, https:\/\/www.tucomarca.com\/wordpress\/segunda\/wp-content\/uploads\/2023\/10\/paella-768x625.jpg 768w, https:\/\/www.tucomarca.com\/wordpress\/segunda\/wp-content\/uploads\/2023\/10\/paella-1536x1250.jpg 1536w, https:\/\/www.tucomarca.com\/wordpress\/segunda\/wp-content\/uploads\/2023\/10\/paella.jpg 2048w\" sizes=\"auto, (max-width: 1024px) 100vw, 1024px\" \/><\/figure>\n\n\n\n<figure class=\"wp-block-image size-large\"><img loading=\"lazy\" decoding=\"async\" width=\"1024\" height=\"768\" data-id=\"199338\" src=\"https:\/\/www.tucomarca.com\/wordpress\/segunda\/wp-content\/uploads\/2023\/10\/REPRESNETANTES-FALLEROS-CON-ALCALDE-Y-CONCEJALA-1024x768.jpg\" alt=\"\" class=\"wp-image-199338\" srcset=\"https:\/\/www.tucomarca.com\/wordpress\/segunda\/wp-content\/uploads\/2023\/10\/REPRESNETANTES-FALLEROS-CON-ALCALDE-Y-CONCEJALA-1024x768.jpg 1024w, https:\/\/www.tucomarca.com\/wordpress\/segunda\/wp-content\/uploads\/2023\/10\/REPRESNETANTES-FALLEROS-CON-ALCALDE-Y-CONCEJALA-300x225.jpg 300w, https:\/\/www.tucomarca.com\/wordpress\/segunda\/wp-content\/uploads\/2023\/10\/REPRESNETANTES-FALLEROS-CON-ALCALDE-Y-CONCEJALA-768x576.jpg 768w, https:\/\/www.tucomarca.com\/wordpress\/segunda\/wp-content\/uploads\/2023\/10\/REPRESNETANTES-FALLEROS-CON-ALCALDE-Y-CONCEJALA-1536x1152.jpg 1536w, https:\/\/www.tucomarca.com\/wordpress\/segunda\/wp-content\/uploads\/2023\/10\/REPRESNETANTES-FALLEROS-CON-ALCALDE-Y-CONCEJALA-678x509.jpg 678w, https:\/\/www.tucomarca.com\/wordpress\/segunda\/wp-content\/uploads\/2023\/10\/REPRESNETANTES-FALLEROS-CON-ALCALDE-Y-CONCEJALA-326x245.jpg 326w, https:\/\/www.tucomarca.com\/wordpress\/segunda\/wp-content\/uploads\/2023\/10\/REPRESNETANTES-FALLEROS-CON-ALCALDE-Y-CONCEJALA-80x60.jpg 80w, https:\/\/www.tucomarca.com\/wordpress\/segunda\/wp-content\/uploads\/2023\/10\/REPRESNETANTES-FALLEROS-CON-ALCALDE-Y-CONCEJALA.jpg 2048w\" sizes=\"auto, (max-width: 1024px) 100vw, 1024px\" \/><\/figure>\n<\/figure>\n","protected":false},"excerpt":{"rendered":"<div class=\"mh-excerpt\">Tanto mayores como peque\u00f1os han disfrutado de las distintas actividades organizadas con motivo de este evento que marca el inicio del calendario fallero Las diez comisiones de Benaguasil han celebrado este s\u00e1bado el V Mig <a class=\"mh-excerpt-more\" href=\"https:\/\/www.tucomarca.com\/wordpress\/segunda\/fotogaleria-las-fallas-de-benaguasil-celebran-el-mig-any-faller\/\" title=\"Fotogaler\u00eda: Las Fallas de Benaguasil celebran el \u201cMig Any Faller\u201d\u00a0\">[+] <\/a><\/div>\n","protected":false},"author":13,"featured_media":199334,"comment_status":"open","ping_status":"open","sticky":false,"template":"","format":"gallery","meta":{"footnotes":""},"categories":[172,46,8,5,7,383,3,45],"tags":[10429,10395,10616],"class_list":{"0":"post-199332","1":"post","2":"type-post","3":"status-publish","4":"format-gallery","5":"has-post-thumbnail","7":"category-benaguasil","8":"category-camp-de-turia","9":"category-la-comarca","10":"category-la-semana-en-imagenes","11":"category-ocio-y-cultura","12":"category-pueblos-en-fiestas","13":"category-seccion","14":"category-ventana","15":"tag-benaguasil","16":"tag-camp-de-turia","17":"tag-pueblos-en-fiestas","18":"post_format-post-format-gallery"},"_links":{"self":[{"href":"https:\/\/www.tucomarca.com\/wordpress\/segunda\/wp-json\/wp\/v2\/posts\/199332","targetHints":{"allow":["GET"]}}],"collection":[{"href":"https:\/\/www.tucomarca.com\/wordpress\/segunda\/wp-json\/wp\/v2\/posts"}],"about":[{"href":"https:\/\/www.tucomarca.com\/wordpress\/segunda\/wp-json\/wp\/v2\/types\/post"}],"author":[{"embeddable":true,"href":"https:\/\/www.tucomarca.com\/wordpress\/segunda\/wp-json\/wp\/v2\/users\/13"}],"replies":[{"embeddable":true,"href":"https:\/\/www.tucomarca.com\/wordpress\/segunda\/wp-json\/wp\/v2\/comments?post=199332"}],"version-history":[{"count":0,"href":"https:\/\/www.tucomarca.com\/wordpress\/segunda\/wp-json\/wp\/v2\/posts\/199332\/revisions"}],"wp:featuredmedia":[{"embeddable":true,"href":"https:\/\/www.tucomarca.com\/wordpress\/segunda\/wp-json\/wp\/v2\/media\/199334"}],"wp:attachment":[{"href":"https:\/\/www.tucomarca.com\/wordpress\/segunda\/wp-json\/wp\/v2\/media?parent=199332"}],"wp:term":[{"taxonomy":"category","embeddable":true,"href":"https:\/\/www.tucomarca.com\/wordpress\/segunda\/wp-json\/wp\/v2\/categories?post=199332"},{"taxonomy":"post_tag","embeddable":true,"href":"https:\/\/www.tucomarca.com\/wordpress\/segunda\/wp-json\/wp\/v2\/tags?post=199332"}],"curies":[{"name":"wp","href":"https:\/\/api.w.org\/{rel}","templated":true}]}}