{"id":199615,"date":"2023-10-04T09:00:00","date_gmt":"2023-10-04T07:00:00","guid":{"rendered":"https:\/\/www.tucomarca.com\/wordpress\/segunda\/?p=199615"},"modified":"2023-10-04T12:08:03","modified_gmt":"2023-10-04T10:08:03","slug":"godelleta-trabaja-ya-en-su-proxima-feria-del-moscatel-tras-el-exito-de-la-ultima-edicion-realizada-este-fin-de-semana","status":"publish","type":"post","link":"https:\/\/www.tucomarca.com\/wordpress\/segunda\/godelleta-trabaja-ya-en-su-proxima-feria-del-moscatel-tras-el-exito-de-la-ultima-edicion-realizada-este-fin-de-semana\/","title":{"rendered":"Godelleta trabaja ya en su pr\u00f3xima Feria del Moscatel tras el \u00e9xito de la \u00faltima edici\u00f3n realizada este fin de semana"},"content":{"rendered":"\n<p>Tras el \u00e9xito de la II Feria del Moscatel de Godelleta en el que adem\u00e1s de la enorme asistencia, la climatolog\u00eda tambi\u00e9n se ha puesto al servicio del dorado vino, desde el consistorio empiezan a trabajar ya para que la pr\u00f3xima edici\u00f3n \u00absea m\u00e1s grande a\u00fan y pueda albergar m\u00e1s expositores\u00bb, en palabras de la alcaldesa, Mar\u00eda Amparo Pardo.<\/p>\n\n\n\n<p>La alcaldesa de la localidad ha querido agradecer tambi\u00e9n \u00abel gran apoyo institucional que tuvo la inauguraci\u00f3n con la presencia de autoridades provinciales y alcaldes de las localidades de la comarca; al director de la muestra\u00bb, as\u00ed como \u00aba las vecinas y vecinos de Godelleta y a los visitantes que han asistido durante todo el fin de semana a este evento que va tomando forma y que se ha convertido en uno de los m\u00e1s importantes para el pueblo de Godelleta\u00bb. <\/p>\n\n\n\n<p>Las actividades, la m\u00fasica y las degustaciones de vinos y licores de la Cooperativa Vin\u00edcola de San Pedro Ap\u00f3stol de la localidad se sucedieron durante todo el fin de semana, \u00absiendo uno de los puntos de mayor atracci\u00f3n e inter\u00e9s con los que ha contado la feria\u00bb, en palabras de la alcaldesa.<\/p>\n\n\n\n<p>Fotos: <strong>tucomarca.com<\/strong> y <strong>Joaqu\u00edn Cuallad\u00f3<\/strong>.<\/p>\n\n\n\n<figure class=\"wp-block-gallery has-nested-images columns-2 is-cropped wp-block-gallery-1 is-layout-flex wp-block-gallery-is-layout-flex\">\n<figure class=\"wp-block-image size-large\"><img loading=\"lazy\" decoding=\"async\" width=\"886\" height=\"591\" data-id=\"199703\" src=\"https:\/\/www.tucomarca.com\/wordpress\/segunda\/wp-content\/uploads\/2023\/10\/FeriaMoscatelGodelleta01.jpg\" alt=\"\" class=\"wp-image-199703\" srcset=\"https:\/\/www.tucomarca.com\/wordpress\/segunda\/wp-content\/uploads\/2023\/10\/FeriaMoscatelGodelleta01.jpg 886w, https:\/\/www.tucomarca.com\/wordpress\/segunda\/wp-content\/uploads\/2023\/10\/FeriaMoscatelGodelleta01-300x200.jpg 300w, https:\/\/www.tucomarca.com\/wordpress\/segunda\/wp-content\/uploads\/2023\/10\/FeriaMoscatelGodelleta01-768x512.jpg 768w\" sizes=\"auto, (max-width: 886px) 100vw, 886px\" \/><\/figure>\n\n\n\n<figure class=\"wp-block-image size-large\"><img loading=\"lazy\" decoding=\"async\" width=\"886\" height=\"886\" data-id=\"199705\" src=\"https:\/\/www.tucomarca.com\/wordpress\/segunda\/wp-content\/uploads\/2023\/10\/FeriaMoscatelGodelleta02.jpg\" alt=\"\" class=\"wp-image-199705\" srcset=\"https:\/\/www.tucomarca.com\/wordpress\/segunda\/wp-content\/uploads\/2023\/10\/FeriaMoscatelGodelleta02.jpg 886w, https:\/\/www.tucomarca.com\/wordpress\/segunda\/wp-content\/uploads\/2023\/10\/FeriaMoscatelGodelleta02-300x300.jpg 300w, https:\/\/www.tucomarca.com\/wordpress\/segunda\/wp-content\/uploads\/2023\/10\/FeriaMoscatelGodelleta02-290x290.jpg 290w, https:\/\/www.tucomarca.com\/wordpress\/segunda\/wp-content\/uploads\/2023\/10\/FeriaMoscatelGodelleta02-768x768.jpg 768w\" sizes=\"auto, (max-width: 886px) 100vw, 886px\" \/><\/figure>\n\n\n\n<figure class=\"wp-block-image size-large\"><img loading=\"lazy\" decoding=\"async\" width=\"886\" height=\"886\" data-id=\"199707\" src=\"https:\/\/www.tucomarca.com\/wordpress\/segunda\/wp-content\/uploads\/2023\/10\/FeriaMoscatelGodelleta03.jpg\" alt=\"\" class=\"wp-image-199707\" srcset=\"https:\/\/www.tucomarca.com\/wordpress\/segunda\/wp-content\/uploads\/2023\/10\/FeriaMoscatelGodelleta03.jpg 886w, https:\/\/www.tucomarca.com\/wordpress\/segunda\/wp-content\/uploads\/2023\/10\/FeriaMoscatelGodelleta03-300x300.jpg 300w, https:\/\/www.tucomarca.com\/wordpress\/segunda\/wp-content\/uploads\/2023\/10\/FeriaMoscatelGodelleta03-290x290.jpg 290w, https:\/\/www.tucomarca.com\/wordpress\/segunda\/wp-content\/uploads\/2023\/10\/FeriaMoscatelGodelleta03-768x768.jpg 768w\" sizes=\"auto, (max-width: 886px) 100vw, 886px\" \/><\/figure>\n\n\n\n<figure class=\"wp-block-image size-large\"><img loading=\"lazy\" decoding=\"async\" width=\"886\" height=\"886\" data-id=\"199711\" src=\"https:\/\/www.tucomarca.com\/wordpress\/segunda\/wp-content\/uploads\/2023\/10\/FeriaMoscatelGodelleta05.jpg\" alt=\"\" class=\"wp-image-199711\" srcset=\"https:\/\/www.tucomarca.com\/wordpress\/segunda\/wp-content\/uploads\/2023\/10\/FeriaMoscatelGodelleta05.jpg 886w, https:\/\/www.tucomarca.com\/wordpress\/segunda\/wp-content\/uploads\/2023\/10\/FeriaMoscatelGodelleta05-300x300.jpg 300w, https:\/\/www.tucomarca.com\/wordpress\/segunda\/wp-content\/uploads\/2023\/10\/FeriaMoscatelGodelleta05-290x290.jpg 290w, https:\/\/www.tucomarca.com\/wordpress\/segunda\/wp-content\/uploads\/2023\/10\/FeriaMoscatelGodelleta05-768x768.jpg 768w\" sizes=\"auto, (max-width: 886px) 100vw, 886px\" \/><\/figure>\n\n\n\n<figure class=\"wp-block-image size-large\"><img loading=\"lazy\" decoding=\"async\" width=\"886\" height=\"886\" data-id=\"199713\" src=\"https:\/\/www.tucomarca.com\/wordpress\/segunda\/wp-content\/uploads\/2023\/10\/FeriaMoscatelGodelleta06.jpg\" alt=\"\" class=\"wp-image-199713\" srcset=\"https:\/\/www.tucomarca.com\/wordpress\/segunda\/wp-content\/uploads\/2023\/10\/FeriaMoscatelGodelleta06.jpg 886w, https:\/\/www.tucomarca.com\/wordpress\/segunda\/wp-content\/uploads\/2023\/10\/FeriaMoscatelGodelleta06-300x300.jpg 300w, https:\/\/www.tucomarca.com\/wordpress\/segunda\/wp-content\/uploads\/2023\/10\/FeriaMoscatelGodelleta06-290x290.jpg 290w, https:\/\/www.tucomarca.com\/wordpress\/segunda\/wp-content\/uploads\/2023\/10\/FeriaMoscatelGodelleta06-768x768.jpg 768w\" sizes=\"auto, (max-width: 886px) 100vw, 886px\" \/><\/figure>\n\n\n\n<figure class=\"wp-block-image size-large\"><img loading=\"lazy\" decoding=\"async\" width=\"886\" height=\"665\" data-id=\"199715\" src=\"https:\/\/www.tucomarca.com\/wordpress\/segunda\/wp-content\/uploads\/2023\/10\/FeriaMoscatelGodelleta07.jpg\" alt=\"\" class=\"wp-image-199715\" srcset=\"https:\/\/www.tucomarca.com\/wordpress\/segunda\/wp-content\/uploads\/2023\/10\/FeriaMoscatelGodelleta07.jpg 886w, https:\/\/www.tucomarca.com\/wordpress\/segunda\/wp-content\/uploads\/2023\/10\/FeriaMoscatelGodelleta07-300x225.jpg 300w, https:\/\/www.tucomarca.com\/wordpress\/segunda\/wp-content\/uploads\/2023\/10\/FeriaMoscatelGodelleta07-768x576.jpg 768w, https:\/\/www.tucomarca.com\/wordpress\/segunda\/wp-content\/uploads\/2023\/10\/FeriaMoscatelGodelleta07-678x509.jpg 678w, https:\/\/www.tucomarca.com\/wordpress\/segunda\/wp-content\/uploads\/2023\/10\/FeriaMoscatelGodelleta07-326x245.jpg 326w, https:\/\/www.tucomarca.com\/wordpress\/segunda\/wp-content\/uploads\/2023\/10\/FeriaMoscatelGodelleta07-80x60.jpg 80w\" sizes=\"auto, (max-width: 886px) 100vw, 886px\" \/><\/figure>\n<\/figure>\n","protected":false},"excerpt":{"rendered":"<div class=\"mh-excerpt\">Tras el \u00e9xito de la II Feria del Moscatel de Godelleta en el que adem\u00e1s de la enorme asistencia, la climatolog\u00eda tambi\u00e9n se ha puesto al servicio del dorado vino, desde el consistorio empiezan a <a class=\"mh-excerpt-more\" href=\"https:\/\/www.tucomarca.com\/wordpress\/segunda\/godelleta-trabaja-ya-en-su-proxima-feria-del-moscatel-tras-el-exito-de-la-ultima-edicion-realizada-este-fin-de-semana\/\" title=\"Godelleta trabaja ya en su pr\u00f3xima Feria del Moscatel tras el \u00e9xito de la \u00faltima edici\u00f3n realizada este fin de semana\">[+] <\/a><\/div>\n","protected":false},"author":1,"featured_media":199709,"comment_status":"open","ping_status":"open","sticky":false,"template":"","format":"gallery","meta":{"footnotes":""},"categories":[113,14,8,10,7,3,45],"tags":[10383,18087,19705,5952],"class_list":{"0":"post-199615","1":"post","2":"type-post","3":"status-publish","4":"format-gallery","5":"has-post-thumbnail","7":"category-vinos","8":"category-godelleta","9":"category-la-comarca","10":"category-la-hoya","11":"category-ocio-y-cultura","12":"category-seccion","13":"category-ventana","14":"tag-godelleta","15":"tag-godelleta-es-moscatel","16":"tag-ii-feria-del-moscatel","17":"tag-la-hoya-de-bunol-chiva","18":"post_format-post-format-gallery"},"_links":{"self":[{"href":"https:\/\/www.tucomarca.com\/wordpress\/segunda\/wp-json\/wp\/v2\/posts\/199615","targetHints":{"allow":["GET"]}}],"collection":[{"href":"https:\/\/www.tucomarca.com\/wordpress\/segunda\/wp-json\/wp\/v2\/posts"}],"about":[{"href":"https:\/\/www.tucomarca.com\/wordpress\/segunda\/wp-json\/wp\/v2\/types\/post"}],"author":[{"embeddable":true,"href":"https:\/\/www.tucomarca.com\/wordpress\/segunda\/wp-json\/wp\/v2\/users\/1"}],"replies":[{"embeddable":true,"href":"https:\/\/www.tucomarca.com\/wordpress\/segunda\/wp-json\/wp\/v2\/comments?post=199615"}],"version-history":[{"count":0,"href":"https:\/\/www.tucomarca.com\/wordpress\/segunda\/wp-json\/wp\/v2\/posts\/199615\/revisions"}],"wp:featuredmedia":[{"embeddable":true,"href":"https:\/\/www.tucomarca.com\/wordpress\/segunda\/wp-json\/wp\/v2\/media\/199709"}],"wp:attachment":[{"href":"https:\/\/www.tucomarca.com\/wordpress\/segunda\/wp-json\/wp\/v2\/media?parent=199615"}],"wp:term":[{"taxonomy":"category","embeddable":true,"href":"https:\/\/www.tucomarca.com\/wordpress\/segunda\/wp-json\/wp\/v2\/categories?post=199615"},{"taxonomy":"post_tag","embeddable":true,"href":"https:\/\/www.tucomarca.com\/wordpress\/segunda\/wp-json\/wp\/v2\/tags?post=199615"}],"curies":[{"name":"wp","href":"https:\/\/api.w.org\/{rel}","templated":true}]}}