{"id":199730,"date":"2023-10-04T08:30:00","date_gmt":"2023-10-04T06:30:00","guid":{"rendered":"https:\/\/www.tucomarca.com\/wordpress\/segunda\/?p=199730"},"modified":"2023-10-04T14:04:58","modified_gmt":"2023-10-04T12:04:58","slug":"accidente-con-salida-de-via-de-un-turismo-en-la-autovia-a-3-a-la-altura-de-el-rebollar","status":"publish","type":"post","link":"https:\/\/www.tucomarca.com\/wordpress\/segunda\/accidente-con-salida-de-via-de-un-turismo-en-la-autovia-a-3-a-la-altura-de-el-rebollar\/","title":{"rendered":"Accidente con salida de v\u00eda de un turismo en la Autov\u00eda A-3 a la altura de El Rebollar"},"content":{"rendered":"\n<p>Este mi\u00e9rcoles, a las 7,05 horas de la ma\u00f1ana, bomberos de Requena y Chiva junto al sargento de Requena se han movilizado a un accidente en la Autov\u00eda A-3, donde un turismo hab\u00eda sufrido una salida de v\u00eda, a la altura del Rebollar, aunque finalmente en este caso no ha habido personas atrapadas y los bomberos no han tenido que excarcelar. Los ocupantes han sido atendidos por los medios sanitarios.<\/p>\n","protected":false},"excerpt":{"rendered":"<div class=\"mh-excerpt\">Este mi\u00e9rcoles, a las 7,05 horas de la ma\u00f1ana, bomberos de Requena y Chiva junto al sargento de Requena se han movilizado a un accidente en la Autov\u00eda A-3, donde un turismo hab\u00eda sufrido una <a class=\"mh-excerpt-more\" href=\"https:\/\/www.tucomarca.com\/wordpress\/segunda\/accidente-con-salida-de-via-de-un-turismo-en-la-autovia-a-3-a-la-altura-de-el-rebollar\/\" title=\"Accidente con salida de v\u00eda de un turismo en la Autov\u00eda A-3 a la altura de El Rebollar\">[+] <\/a><\/div>\n","protected":false},"author":1,"featured_media":199745,"comment_status":"open","ping_status":"open","sticky":false,"template":"","format":"standard","meta":{"footnotes":""},"categories":[8,72,10,28,27,3,12,116,45],"tags":[264,12992,13006,19726],"class_list":{"0":"post-199730","1":"post","2":"type-post","3":"status-publish","4":"format-standard","5":"has-post-thumbnail","7":"category-la-comarca","8":"category-sin-categorizar","9":"category-la-hoya","10":"category-requena","11":"category-requena-utiel","12":"category-seccion","13":"category-siete-aguas","14":"category-sucesos-la-comarca","15":"category-ventana","16":"tag-accidente","17":"tag-autovia-a-3","18":"tag-consorcio-de-bomberos","19":"tag-rebollar"},"_links":{"self":[{"href":"https:\/\/www.tucomarca.com\/wordpress\/segunda\/wp-json\/wp\/v2\/posts\/199730","targetHints":{"allow":["GET"]}}],"collection":[{"href":"https:\/\/www.tucomarca.com\/wordpress\/segunda\/wp-json\/wp\/v2\/posts"}],"about":[{"href":"https:\/\/www.tucomarca.com\/wordpress\/segunda\/wp-json\/wp\/v2\/types\/post"}],"author":[{"embeddable":true,"href":"https:\/\/www.tucomarca.com\/wordpress\/segunda\/wp-json\/wp\/v2\/users\/1"}],"replies":[{"embeddable":true,"href":"https:\/\/www.tucomarca.com\/wordpress\/segunda\/wp-json\/wp\/v2\/comments?post=199730"}],"version-history":[{"count":0,"href":"https:\/\/www.tucomarca.com\/wordpress\/segunda\/wp-json\/wp\/v2\/posts\/199730\/revisions"}],"wp:featuredmedia":[{"embeddable":true,"href":"https:\/\/www.tucomarca.com\/wordpress\/segunda\/wp-json\/wp\/v2\/media\/199745"}],"wp:attachment":[{"href":"https:\/\/www.tucomarca.com\/wordpress\/segunda\/wp-json\/wp\/v2\/media?parent=199730"}],"wp:term":[{"taxonomy":"category","embeddable":true,"href":"https:\/\/www.tucomarca.com\/wordpress\/segunda\/wp-json\/wp\/v2\/categories?post=199730"},{"taxonomy":"post_tag","embeddable":true,"href":"https:\/\/www.tucomarca.com\/wordpress\/segunda\/wp-json\/wp\/v2\/tags?post=199730"}],"curies":[{"name":"wp","href":"https:\/\/api.w.org\/{rel}","templated":true}]}}