{"id":199732,"date":"2023-10-04T07:55:00","date_gmt":"2023-10-04T05:55:00","guid":{"rendered":"https:\/\/www.tucomarca.com\/wordpress\/segunda\/?p=199732"},"modified":"2023-10-04T17:53:58","modified_gmt":"2023-10-04T15:53:58","slug":"los-bomberos-actuan-en-el-incendio-de-una-empresa-de-alimentacion-en-benifaio","status":"publish","type":"post","link":"https:\/\/www.tucomarca.com\/wordpress\/segunda\/los-bomberos-actuan-en-el-incendio-de-una-empresa-de-alimentacion-en-benifaio\/","title":{"rendered":"Los bomberos act\u00faan en el incendio de una empresa de alimentaci\u00f3n en Benifai\u00f3"},"content":{"rendered":"\n<p>Los bomberos han actuado a un incendio industrial en Benifai\u00f3, declarado cerca de las 6,00 horas en una empresa de alimentaci\u00f3n ubicada en la calle Font de la Almaguer. Han intervenido bomberos de Silla y Alzira, un sargento y un oficial.<\/p>\n\n\n\n<p>Afectaba una zona de calderas de freir, donde inicialmente algunos trabajadores trataron de sofocarlo, uno de ellos tuvo que recibir asistencia sanitaria. Los bomberos han finalizado las tareas de extinci\u00f3n alrededor de las 7,30 horas de la ma\u00f1ana.<\/p>\n","protected":false},"excerpt":{"rendered":"<div class=\"mh-excerpt\">Los bomberos han actuado a un incendio industrial en Benifai\u00f3, declarado cerca de las 6,00 horas en una empresa de alimentaci\u00f3n ubicada en la calle Font de la Almaguer. Han intervenido bomberos de Silla y <a class=\"mh-excerpt-more\" href=\"https:\/\/www.tucomarca.com\/wordpress\/segunda\/los-bomberos-actuan-en-el-incendio-de-una-empresa-de-alimentacion-en-benifaio\/\" title=\"Los bomberos act\u00faan en el incendio de una empresa de alimentaci\u00f3n en Benifai\u00f3\">[+] <\/a><\/div>\n","protected":false},"author":1,"featured_media":134428,"comment_status":"open","ping_status":"open","sticky":false,"template":"","format":"standard","meta":{"footnotes":""},"categories":[267,128,8,42,3,116,45],"tags":[10460,12830,1407],"class_list":{"0":"post-199732","1":"post","2":"type-post","3":"status-publish","4":"format-standard","5":"has-post-thumbnail","7":"category-benifaio","8":"category-infraestructuras","9":"category-la-comarca","10":"category-la-ribera","11":"category-seccion","12":"category-sucesos-la-comarca","13":"category-ventana","14":"tag-benifaio","15":"tag-consorcio-provincial-de-bomberos-de-valencia","16":"tag-ribera-alta"},"_links":{"self":[{"href":"https:\/\/www.tucomarca.com\/wordpress\/segunda\/wp-json\/wp\/v2\/posts\/199732","targetHints":{"allow":["GET"]}}],"collection":[{"href":"https:\/\/www.tucomarca.com\/wordpress\/segunda\/wp-json\/wp\/v2\/posts"}],"about":[{"href":"https:\/\/www.tucomarca.com\/wordpress\/segunda\/wp-json\/wp\/v2\/types\/post"}],"author":[{"embeddable":true,"href":"https:\/\/www.tucomarca.com\/wordpress\/segunda\/wp-json\/wp\/v2\/users\/1"}],"replies":[{"embeddable":true,"href":"https:\/\/www.tucomarca.com\/wordpress\/segunda\/wp-json\/wp\/v2\/comments?post=199732"}],"version-history":[{"count":0,"href":"https:\/\/www.tucomarca.com\/wordpress\/segunda\/wp-json\/wp\/v2\/posts\/199732\/revisions"}],"wp:featuredmedia":[{"embeddable":true,"href":"https:\/\/www.tucomarca.com\/wordpress\/segunda\/wp-json\/wp\/v2\/media\/134428"}],"wp:attachment":[{"href":"https:\/\/www.tucomarca.com\/wordpress\/segunda\/wp-json\/wp\/v2\/media?parent=199732"}],"wp:term":[{"taxonomy":"category","embeddable":true,"href":"https:\/\/www.tucomarca.com\/wordpress\/segunda\/wp-json\/wp\/v2\/categories?post=199732"},{"taxonomy":"post_tag","embeddable":true,"href":"https:\/\/www.tucomarca.com\/wordpress\/segunda\/wp-json\/wp\/v2\/tags?post=199732"}],"curies":[{"name":"wp","href":"https:\/\/api.w.org\/{rel}","templated":true}]}}