{"id":199776,"date":"2023-10-05T09:00:00","date_gmt":"2023-10-05T07:00:00","guid":{"rendered":"https:\/\/www.tucomarca.com\/wordpress\/segunda\/?p=199776"},"modified":"2023-10-05T12:03:35","modified_gmt":"2023-10-05T10:03:35","slug":"la-piscina-cubierta-de-utiel-amplia-horario-y-abre-tambien-los-sabados-por-la-tarde","status":"publish","type":"post","link":"https:\/\/www.tucomarca.com\/wordpress\/segunda\/la-piscina-cubierta-de-utiel-amplia-horario-y-abre-tambien-los-sabados-por-la-tarde\/","title":{"rendered":"La piscina cubierta de Utiel ampl\u00eda horario y abre tambi\u00e9n los s\u00e1bados por la tarde\u00a0"},"content":{"rendered":"\n<h4 class=\"wp-block-heading\">Los s\u00e1bados la instalaci\u00f3n estar\u00e1 abierta de 8 a 14 y de 16 a 20 horas y los domingos de 9 a 14 horas. De lunes a viernes se mantiene el horario de 7:30 a 22 horas.<\/h4>\n\n\n\n<h4 class=\"wp-block-heading\">El programa deportivo sigue ampliando la oferta con nuevas sesiones matutinas y novedades como yoga infantil&nbsp;<\/h4>\n\n\n\n<p>La Piscina Cubierta Municipal de Utiel sigue mejorando servicios y ampl\u00eda su horario de apertura para atender las demandas de los usuarios que a partir de ahora tambi\u00e9n podr\u00e1n seguir practicando deporte los s\u00e1bados por la tarde en horario de 16 a 20 horas.<\/p>\n\n\n\n<p>Con esta ampliaci\u00f3n de horario, la instalaci\u00f3n cubre las necesidades de todos los p\u00fablicos, quedando abierta todos los d\u00edas de la semana en horario de ma\u00f1ana y tarde, excepto los domingos que permanece cerrada por&nbsp; la tarde. As\u00ed el horario de apertura de la Piscina Cubierta de Utiel es de lunes a viernes de 7:30 a 22 horas, s\u00e1bados de 8 a 14 y 16 a 20 horas y domingos de 9 a 14 horas.<\/p>\n\n\n\n<p><strong>Incorporaci\u00f3n de sesiones matinales y m\u00e1s actividades<\/strong><\/p>\n\n\n\n<p>Otra de las adaptaciones de este curso 2023\/2024 es la incorporaci\u00f3n de actividades dirigidas a primera hora de la ma\u00f1ana. Los m\u00e1s madrugadores podr\u00e1n disfrutar de sesiones de yoga y yogalates a las 8 de la ma\u00f1ana los martes y los jueves respetivamente.<\/p>\n\n\n\n<p>Adem\u00e1s se han ampliado las clases de crosstraining , cardiojump y aerobic y los cursos de nataci\u00f3n gratuita de perfeccionamiento para abonados se impartir\u00e1n en sesiones de ma\u00f1ana y tarde.<\/p>\n\n\n\n<p>Tambi\u00e9n contin\u00faa el \u201cPrograma de Salud\u201d de la Piscina Cubierta que ofrece diferentes alternativas para mejorar nuestro bienestar combinando sesiones de&nbsp; yoga, pilates, escuela de espalda y nataci\u00f3n.<\/p>\n","protected":false},"excerpt":{"rendered":"<div class=\"mh-excerpt\">Los s\u00e1bados la instalaci\u00f3n estar\u00e1 abierta de 8 a 14 y de 16 a 20 horas y los domingos de 9 a 14 horas. De lunes a viernes se mantiene el horario de 7:30 a <a class=\"mh-excerpt-more\" href=\"https:\/\/www.tucomarca.com\/wordpress\/segunda\/la-piscina-cubierta-de-utiel-amplia-horario-y-abre-tambien-los-sabados-por-la-tarde\/\" title=\"La piscina cubierta de Utiel ampl\u00eda horario y abre tambi\u00e9n los s\u00e1bados por la tarde\u00a0\">[+] <\/a><\/div>\n","protected":false},"author":12,"featured_media":199778,"comment_status":"open","ping_status":"open","sticky":false,"template":"","format":"standard","meta":{"footnotes":""},"categories":[128,8,27,3,29],"tags":[2798,10387,10389],"class_list":{"0":"post-199776","1":"post","2":"type-post","3":"status-publish","4":"format-standard","5":"has-post-thumbnail","7":"category-infraestructuras","8":"category-la-comarca","9":"category-requena-utiel","10":"category-seccion","11":"category-utiel","12":"tag-piscina-cubierta","13":"tag-requena-utiel","14":"tag-utiel"},"_links":{"self":[{"href":"https:\/\/www.tucomarca.com\/wordpress\/segunda\/wp-json\/wp\/v2\/posts\/199776","targetHints":{"allow":["GET"]}}],"collection":[{"href":"https:\/\/www.tucomarca.com\/wordpress\/segunda\/wp-json\/wp\/v2\/posts"}],"about":[{"href":"https:\/\/www.tucomarca.com\/wordpress\/segunda\/wp-json\/wp\/v2\/types\/post"}],"author":[{"embeddable":true,"href":"https:\/\/www.tucomarca.com\/wordpress\/segunda\/wp-json\/wp\/v2\/users\/12"}],"replies":[{"embeddable":true,"href":"https:\/\/www.tucomarca.com\/wordpress\/segunda\/wp-json\/wp\/v2\/comments?post=199776"}],"version-history":[{"count":0,"href":"https:\/\/www.tucomarca.com\/wordpress\/segunda\/wp-json\/wp\/v2\/posts\/199776\/revisions"}],"wp:featuredmedia":[{"embeddable":true,"href":"https:\/\/www.tucomarca.com\/wordpress\/segunda\/wp-json\/wp\/v2\/media\/199778"}],"wp:attachment":[{"href":"https:\/\/www.tucomarca.com\/wordpress\/segunda\/wp-json\/wp\/v2\/media?parent=199776"}],"wp:term":[{"taxonomy":"category","embeddable":true,"href":"https:\/\/www.tucomarca.com\/wordpress\/segunda\/wp-json\/wp\/v2\/categories?post=199776"},{"taxonomy":"post_tag","embeddable":true,"href":"https:\/\/www.tucomarca.com\/wordpress\/segunda\/wp-json\/wp\/v2\/tags?post=199776"}],"curies":[{"name":"wp","href":"https:\/\/api.w.org\/{rel}","templated":true}]}}