{"id":199785,"date":"2023-10-04T14:00:00","date_gmt":"2023-10-04T12:00:00","guid":{"rendered":"https:\/\/www.tucomarca.com\/wordpress\/segunda\/?p=199785"},"modified":"2023-10-04T21:43:52","modified_gmt":"2023-10-04T19:43:52","slug":"el-ayuntamiento-de-benaguasil-se-suma-a-la-celebracion-del-dia-de-las-bibliotecas-con-un-amplio-abanico-de-actividades","status":"publish","type":"post","link":"https:\/\/www.tucomarca.com\/wordpress\/segunda\/el-ayuntamiento-de-benaguasil-se-suma-a-la-celebracion-del-dia-de-las-bibliotecas-con-un-amplio-abanico-de-actividades\/","title":{"rendered":"El Ayuntamiento de Benaguasil se suma a la celebraci\u00f3n del D\u00eda de las Bibliotecas con un amplio abanico de actividades"},"content":{"rendered":"\n<h4 class=\"wp-block-heading\">El programa incluye cuentacuentos, talleres y un acto de reconocimiento al lector m\u00e1s longevo y a los m\u00e1s lectores.<\/h4>\n\n\n\n<h4 class=\"wp-block-heading\">Se desarrollar\u00e1n durante todo el mes de octubre y van dirigidas a todos los p\u00fablicos.<\/h4>\n\n\n\n<p>El Ayuntamiento de Benaguasil, a trav\u00e9s de la concejal\u00eda de Cultura, ha preparado para este mes de octubre una serie de actividades relacionadas con la lectura y los libros para celebrar el D\u00eda Internacional de las Bibliotecas, que se celebra el pr\u00f3ximo 24 de octubre.<\/p>\n\n\n\n<p>Las actividades han comenzado esta semana para conmemorar la festividad del 9 de Octubre, en la cual los ni\u00f1os decorar\u00e1n la biblioteca y pintar\u00e1n dibujos t\u00edpicos de la festividad.<\/p>\n\n\n\n<p>Las tardes del 4, 18 y 25 de octubre los m\u00e1s peque\u00f1os podr\u00e1n disfrutar de las sesiones de cuentacuentos con las que fomentar la lectura.<\/p>\n\n\n\n<p>La programaci\u00f3n continuar\u00e1 el d\u00eda 16 con el D\u00eda de las Escritoras, y el d\u00eda 23 con el homenaje al lector m\u00e1s longevo de la Biblioteca y la entrega de premios a las personas m\u00e1s lectoras del a\u00f1o en las categor\u00edas adulto, juvenil e infantil.<\/p>\n\n\n\n<p>Para el 24, d\u00eda Internacional de las Bibliotecas, se han preparado talleres de marcap\u00e1ginas y de bibliotecarios por un d\u00eda, dentro del programa de actividades de dinamizaci\u00f3n a la lectura.<\/p>\n\n\n\n<p>El d\u00eda 27 la tarde estar\u00e1 dedicada al p\u00fablico adulto que en la reuni\u00f3n del club de lectura comentar\u00e1 el libro \u201cCatedrales\u201d de Claudia Pi\u00f1eiro.<\/p>\n\n\n\n<p>La programaci\u00f3n finalizar\u00e1 los d\u00edas 30 y 31 con actividades para decorar la biblioteca con motivo de Halloween, realizaci\u00f3n de un photocall terror\u00edfico, y dibujos relacionados con esta festividad.<\/p>\n\n\n\n<figure class=\"wp-block-image size-large\"><img loading=\"lazy\" decoding=\"async\" width=\"724\" height=\"1024\" src=\"https:\/\/www.tucomarca.com\/wordpress\/segunda\/wp-content\/uploads\/2023\/10\/BenaguasilMesBiblioteca-724x1024.jpg\" alt=\"\" class=\"wp-image-199788\" srcset=\"https:\/\/www.tucomarca.com\/wordpress\/segunda\/wp-content\/uploads\/2023\/10\/BenaguasilMesBiblioteca-724x1024.jpg 724w, https:\/\/www.tucomarca.com\/wordpress\/segunda\/wp-content\/uploads\/2023\/10\/BenaguasilMesBiblioteca-212x300.jpg 212w, https:\/\/www.tucomarca.com\/wordpress\/segunda\/wp-content\/uploads\/2023\/10\/BenaguasilMesBiblioteca-768x1086.jpg 768w, https:\/\/www.tucomarca.com\/wordpress\/segunda\/wp-content\/uploads\/2023\/10\/BenaguasilMesBiblioteca.jpg 886w\" sizes=\"auto, (max-width: 724px) 100vw, 724px\" \/><\/figure>\n","protected":false},"excerpt":{"rendered":"<div class=\"mh-excerpt\">El programa incluye cuentacuentos, talleres y un acto de reconocimiento al lector m\u00e1s longevo y a los m\u00e1s lectores. Se desarrollar\u00e1n durante todo el mes de octubre y van dirigidas a todos los p\u00fablicos. El <a class=\"mh-excerpt-more\" href=\"https:\/\/www.tucomarca.com\/wordpress\/segunda\/el-ayuntamiento-de-benaguasil-se-suma-a-la-celebracion-del-dia-de-las-bibliotecas-con-un-amplio-abanico-de-actividades\/\" title=\"El Ayuntamiento de Benaguasil se suma a la celebraci\u00f3n del D\u00eda de las Bibliotecas con un amplio abanico de actividades\">[+] <\/a><\/div>\n","protected":false},"author":12,"featured_media":199788,"comment_status":"open","ping_status":"open","sticky":false,"template":"","format":"standard","meta":{"footnotes":""},"categories":[4,172,46,8,7,3],"tags":[10429,10395,19728],"class_list":{"0":"post-199785","1":"post","2":"type-post","3":"status-publish","4":"format-standard","5":"has-post-thumbnail","7":"category-agenda","8":"category-benaguasil","9":"category-camp-de-turia","10":"category-la-comarca","11":"category-ocio-y-cultura","12":"category-seccion","13":"tag-benaguasil","14":"tag-camp-de-turia","15":"tag-dia-de-las-bibliotecas"},"_links":{"self":[{"href":"https:\/\/www.tucomarca.com\/wordpress\/segunda\/wp-json\/wp\/v2\/posts\/199785","targetHints":{"allow":["GET"]}}],"collection":[{"href":"https:\/\/www.tucomarca.com\/wordpress\/segunda\/wp-json\/wp\/v2\/posts"}],"about":[{"href":"https:\/\/www.tucomarca.com\/wordpress\/segunda\/wp-json\/wp\/v2\/types\/post"}],"author":[{"embeddable":true,"href":"https:\/\/www.tucomarca.com\/wordpress\/segunda\/wp-json\/wp\/v2\/users\/12"}],"replies":[{"embeddable":true,"href":"https:\/\/www.tucomarca.com\/wordpress\/segunda\/wp-json\/wp\/v2\/comments?post=199785"}],"version-history":[{"count":0,"href":"https:\/\/www.tucomarca.com\/wordpress\/segunda\/wp-json\/wp\/v2\/posts\/199785\/revisions"}],"wp:featuredmedia":[{"embeddable":true,"href":"https:\/\/www.tucomarca.com\/wordpress\/segunda\/wp-json\/wp\/v2\/media\/199788"}],"wp:attachment":[{"href":"https:\/\/www.tucomarca.com\/wordpress\/segunda\/wp-json\/wp\/v2\/media?parent=199785"}],"wp:term":[{"taxonomy":"category","embeddable":true,"href":"https:\/\/www.tucomarca.com\/wordpress\/segunda\/wp-json\/wp\/v2\/categories?post=199785"},{"taxonomy":"post_tag","embeddable":true,"href":"https:\/\/www.tucomarca.com\/wordpress\/segunda\/wp-json\/wp\/v2\/tags?post=199785"}],"curies":[{"name":"wp","href":"https:\/\/api.w.org\/{rel}","templated":true}]}}