{"id":200776,"date":"2023-10-17T10:30:00","date_gmt":"2023-10-17T08:30:00","guid":{"rendered":"https:\/\/www.tucomarca.com\/wordpress\/segunda\/?p=200776"},"modified":"2023-10-17T15:24:21","modified_gmt":"2023-10-17T13:24:21","slug":"comienza-la-xxvi-muestra-de-teatro-no-profesional-de-cheste","status":"publish","type":"post","link":"https:\/\/www.tucomarca.com\/wordpress\/segunda\/comienza-la-xxvi-muestra-de-teatro-no-profesional-de-cheste\/","title":{"rendered":"Comienza la XXVI Muestra de teatro no profesional de Cheste"},"content":{"rendered":"\n<p>La Muestra de teatro no profesional de Cheste inaugurar\u00e1 su XXVI edici\u00f3n el pr\u00f3ximo s\u00e1bado, 21 de octubre, con la obra <em>Laila<\/em>, de la compa\u00f1\u00eda valenciana Juno; una pieza que cuenta la historia de una joven con TDAH (Trastorno por d\u00e9ficit de atenci\u00f3n con hiperactividad) que encuentra su motivaci\u00f3n en el flamenco. Como todas las representaciones de la muestra, tendr\u00e1 lugar en el teatro Liceo a las 19:00.<\/p>\n\n\n\n<p>Este a\u00f1o, cinco compa\u00f1\u00edas amateurs de diferentes puntos de la geograf\u00eda espa\u00f1ola se dar\u00e1n cita en Cheste para participar en la muestra, a las que se sumar\u00e1n, fuera de concurso, el grupo local Plateatro, con la puesta en escena de <em>Campanadas de Boda<\/em>, y Romcabolesc teatro, que cerrar\u00e1 la XXVI edici\u00f3n con <em>Marina<\/em> en el acto de clausura y de entrega de premios, conducido, en esta ocasi\u00f3n, por la compa\u00f1\u00eda local Far\u00e1ndula.<\/p>\n\n\n\n<p>La venta anticipada de entradas estar\u00e1 disponible en los quioscos de la localidad y en la web agendacheste.com. Adem\u00e1s, se podr\u00e1n adquirir las entradas en taquilla desde las 18:00 del mismo d\u00eda de la representaci\u00f3n.&nbsp;<\/p>\n\n\n\n<p><strong>Fechas de las representaciones<\/strong><\/p>\n\n\n\n<p><strong>S\u00e1bado, 21 de octubre:<\/strong><\/p>\n\n\n\n<p>Acto de apertura \u00b7 <em>Laila<\/em>, de la compa\u00f1\u00eda Juno<\/p>\n\n\n\n<p><strong>Domingo, 29 de octubre:<\/strong><\/p>\n\n\n\n<p><em>La novia de Don Quijote<\/em>, de la compa\u00f1\u00eda Primer acto teatro<\/p>\n\n\n\n<p><strong>Domingo, 5 de noviembre:<\/strong><\/p>\n\n\n\n<p><em>Ovidio y las Heroidas<\/em>, de la compa\u00f1\u00eda Ugteatro<\/p>\n\n\n\n<p><strong>Domingo, 12 de noviembre:<\/strong><\/p>\n\n\n\n<p><em>La visita<\/em>, de la compa\u00f1\u00eda Carpe Diem teatro<\/p>\n\n\n\n<p><strong>Domingo, 19 de noviembre:<\/strong><\/p>\n\n\n\n<p><em>Ulf\u2026la historia que a\u00fan no fue contada<\/em>, de la compa\u00f1\u00eda Internacional Teatro Rayuela<\/p>\n\n\n\n<p><strong>Domingo, 26 de noviembre:<\/strong><\/p>\n\n\n\n<p><em>Cantando bajo las balas<\/em>, de la compa\u00f1\u00eda Stres de Quatre<\/p>\n\n\n\n<p><strong>S\u00e1bado y domingo, 2 y 3 de diciembre:<\/strong><\/p>\n\n\n\n<p><em>Campanadas de boda<\/em>, de la compa\u00f1\u00eda Plateatro Cheste<\/p>\n\n\n\n<p><strong>Domingo, 10 de diciembre:<\/strong><\/p>\n\n\n\n<p>Acto de clausura \u00b7 <em>Marina<\/em>, de la compa\u00f1\u00eda Rocambolesc teatre<\/p>\n\n\n\n<p>Entrega de premios conducida por Far\u00e1ndula teatro.<\/p>\n","protected":false},"excerpt":{"rendered":"<div class=\"mh-excerpt\">La Muestra de teatro no profesional de Cheste inaugurar\u00e1 su XXVI edici\u00f3n el pr\u00f3ximo s\u00e1bado, 21 de octubre, con la obra Laila, de la compa\u00f1\u00eda valenciana Juno; una pieza que cuenta la historia de una <a class=\"mh-excerpt-more\" href=\"https:\/\/www.tucomarca.com\/wordpress\/segunda\/comienza-la-xxvi-muestra-de-teatro-no-profesional-de-cheste\/\" title=\"Comienza la XXVI Muestra de teatro no profesional de Cheste\">[+] <\/a><\/div>\n","protected":false},"author":12,"featured_media":200777,"comment_status":"open","ping_status":"open","sticky":false,"template":"","format":"standard","meta":{"footnotes":""},"categories":[4,17,8,72,10,7,3],"tags":[339,5952,12768],"class_list":{"0":"post-200776","1":"post","2":"type-post","3":"status-publish","4":"format-standard","5":"has-post-thumbnail","7":"category-agenda","8":"category-cheste","9":"category-la-comarca","10":"category-sin-categorizar","11":"category-la-hoya","12":"category-ocio-y-cultura","13":"category-seccion","14":"tag-cheste-2","15":"tag-la-hoya-de-bunol-chiva","16":"tag-muestra-de-teatro-no-profesional"},"_links":{"self":[{"href":"https:\/\/www.tucomarca.com\/wordpress\/segunda\/wp-json\/wp\/v2\/posts\/200776","targetHints":{"allow":["GET"]}}],"collection":[{"href":"https:\/\/www.tucomarca.com\/wordpress\/segunda\/wp-json\/wp\/v2\/posts"}],"about":[{"href":"https:\/\/www.tucomarca.com\/wordpress\/segunda\/wp-json\/wp\/v2\/types\/post"}],"author":[{"embeddable":true,"href":"https:\/\/www.tucomarca.com\/wordpress\/segunda\/wp-json\/wp\/v2\/users\/12"}],"replies":[{"embeddable":true,"href":"https:\/\/www.tucomarca.com\/wordpress\/segunda\/wp-json\/wp\/v2\/comments?post=200776"}],"version-history":[{"count":0,"href":"https:\/\/www.tucomarca.com\/wordpress\/segunda\/wp-json\/wp\/v2\/posts\/200776\/revisions"}],"wp:featuredmedia":[{"embeddable":true,"href":"https:\/\/www.tucomarca.com\/wordpress\/segunda\/wp-json\/wp\/v2\/media\/200777"}],"wp:attachment":[{"href":"https:\/\/www.tucomarca.com\/wordpress\/segunda\/wp-json\/wp\/v2\/media?parent=200776"}],"wp:term":[{"taxonomy":"category","embeddable":true,"href":"https:\/\/www.tucomarca.com\/wordpress\/segunda\/wp-json\/wp\/v2\/categories?post=200776"},{"taxonomy":"post_tag","embeddable":true,"href":"https:\/\/www.tucomarca.com\/wordpress\/segunda\/wp-json\/wp\/v2\/tags?post=200776"}],"curies":[{"name":"wp","href":"https:\/\/api.w.org\/{rel}","templated":true}]}}