{"id":201138,"date":"2023-10-23T13:00:00","date_gmt":"2023-10-23T11:00:00","guid":{"rendered":"https:\/\/www.tucomarca.com\/wordpress\/segunda\/?p=201138"},"modified":"2023-10-23T18:41:41","modified_gmt":"2023-10-23T16:41:41","slug":"benaguasil-proclama-a-las-maximas-representantes-de-las-fallas-de-2024","status":"publish","type":"post","link":"https:\/\/www.tucomarca.com\/wordpress\/segunda\/benaguasil-proclama-a-las-maximas-representantes-de-las-fallas-de-2024\/","title":{"rendered":"Benaguasil proclama a las m\u00e1ximas representantes de las Fallas de 2024"},"content":{"rendered":"\n<h4 class=\"wp-block-heading\">El Auditorio acogi\u00f3 el acto de exaltaci\u00f3n de la Fallera Mayor, Noem\u00ed Ferrer; de la Fallera Mayor Infantil, Ainhara Sanabria, acompa\u00f1ada de su corte de honor, y del presidente infantil, Asier Ortiz.<\/h4>\n\n\n\n<p>Este s\u00e1bado Benaguasil celebr\u00f3 uno de los actos m\u00e1s esperados del calendario fallero, la exaltaci\u00f3n de las Falleras Mayores de Benaguasil, Noem\u00ed Ferrer Real y Ainhara Sanabria Subiela, y del presidente infantil Asier Ortiz Fortea.<\/p>\n\n\n\n<p>La jornada se inici\u00f3 con un pasacalles en el que las m\u00e1ximas representantes de Benaguasil fueron acompa\u00f1adas desde la Plaza Mariano Benlliure hasta las puertas del Auditorio de la Uni\u00f3n Musical por las comisiones falleras y por juntas locales de poblaciones vecinas, as\u00ed como por las autoridades locales.&nbsp;<\/p>\n\n\n\n<p>Pasadas las siete de la tarde daba comienzo el esperado acto con el nombramiento de la Junta local Fallera y de las ni\u00f1as que formaran la corte de honor de la fallera mayor infantil, Carla Romero y Daniela B\u00f3. Tras ello sub\u00edan al escenario Ainhara y Asier, acompa\u00f1ados por la presidenta de la JLF, Pepa Cano y por la concejal de Fiestas, Ana Aleixandre, que fue la encargada de imponerle la banda y la joia que la acredita como la m\u00e1xima representante de los ni\u00f1os de Benaguasil.<\/p>\n\n\n\n<p>Acto seguido lleg\u00f3 el momento de proclamar a Noem\u00ed, que acompa\u00f1ada por la presidenta de la JLF, Pepa Cano y por el alcalde, Ximo Segarra, recibi\u00f3 la banda de fallera mayor de manos de \u00e9ste.<\/p>\n\n\n\n<p>Tras ello subieron al escenario las juntas locales de Ribarroja, La Vall d\u2019Uix\u00f3, Moncada, La Pobla de Vallbona, Carcaixent, Paterna, Benetusser i Benicarl\u00f3 y las 10 comisiones falleras de Benaguasil.<\/p>\n\n\n\n<p>La concejala de Fallas y el Alcalde cerraron el acto con la imposici\u00f3n del escudo de oro a las nuevas falleras mayores. Tras la exaltaci\u00f3n se da el pistoletazo de salida al calendario fallero del ejercicio 2023-24 que continuar\u00e1 con la presentaci\u00f3n de los bocetos falleros el pr\u00f3ximo 2 de diciembre.<\/p>\n\n\n\n<figure class=\"wp-block-gallery has-nested-images columns-2 is-cropped wp-block-gallery-1 is-layout-flex wp-block-gallery-is-layout-flex\">\n<figure class=\"wp-block-image size-large\"><img loading=\"lazy\" decoding=\"async\" width=\"886\" height=\"591\" data-id=\"201145\" src=\"https:\/\/www.tucomarca.com\/wordpress\/segunda\/wp-content\/uploads\/2023\/10\/Benaguasilmayor.jpg\" alt=\"\" class=\"wp-image-201145\" srcset=\"https:\/\/www.tucomarca.com\/wordpress\/segunda\/wp-content\/uploads\/2023\/10\/Benaguasilmayor.jpg 886w, https:\/\/www.tucomarca.com\/wordpress\/segunda\/wp-content\/uploads\/2023\/10\/Benaguasilmayor-300x200.jpg 300w, https:\/\/www.tucomarca.com\/wordpress\/segunda\/wp-content\/uploads\/2023\/10\/Benaguasilmayor-768x512.jpg 768w\" sizes=\"auto, (max-width: 886px) 100vw, 886px\" \/><\/figure>\n\n\n\n<figure class=\"wp-block-image size-large\"><img loading=\"lazy\" decoding=\"async\" width=\"886\" height=\"591\" data-id=\"201143\" src=\"https:\/\/www.tucomarca.com\/wordpress\/segunda\/wp-content\/uploads\/2023\/10\/Benaguasilinfantil.jpg\" alt=\"\" class=\"wp-image-201143\" srcset=\"https:\/\/www.tucomarca.com\/wordpress\/segunda\/wp-content\/uploads\/2023\/10\/Benaguasilinfantil.jpg 886w, https:\/\/www.tucomarca.com\/wordpress\/segunda\/wp-content\/uploads\/2023\/10\/Benaguasilinfantil-300x200.jpg 300w, https:\/\/www.tucomarca.com\/wordpress\/segunda\/wp-content\/uploads\/2023\/10\/Benaguasilinfantil-768x512.jpg 768w\" sizes=\"auto, (max-width: 886px) 100vw, 886px\" \/><\/figure>\n\n\n\n<figure class=\"wp-block-image size-large\"><img loading=\"lazy\" decoding=\"async\" width=\"1920\" height=\"1280\" data-id=\"201147\" src=\"https:\/\/www.tucomarca.com\/wordpress\/segunda\/wp-content\/uploads\/2023\/10\/maximos-representantes.jpg\" alt=\"\" class=\"wp-image-201147\" srcset=\"https:\/\/www.tucomarca.com\/wordpress\/segunda\/wp-content\/uploads\/2023\/10\/maximos-representantes.jpg 1920w, https:\/\/www.tucomarca.com\/wordpress\/segunda\/wp-content\/uploads\/2023\/10\/maximos-representantes-300x200.jpg 300w, https:\/\/www.tucomarca.com\/wordpress\/segunda\/wp-content\/uploads\/2023\/10\/maximos-representantes-1024x683.jpg 1024w, https:\/\/www.tucomarca.com\/wordpress\/segunda\/wp-content\/uploads\/2023\/10\/maximos-representantes-768x512.jpg 768w, https:\/\/www.tucomarca.com\/wordpress\/segunda\/wp-content\/uploads\/2023\/10\/maximos-representantes-1536x1024.jpg 1536w\" sizes=\"auto, (max-width: 1920px) 100vw, 1920px\" \/><\/figure>\n<\/figure>\n","protected":false},"excerpt":{"rendered":"<div class=\"mh-excerpt\">El Auditorio acogi\u00f3 el acto de exaltaci\u00f3n de la Fallera Mayor, Noem\u00ed Ferrer; de la Fallera Mayor Infantil, Ainhara Sanabria, acompa\u00f1ada de su corte de honor, y del presidente infantil, Asier Ortiz. Este s\u00e1bado Benaguasil <a class=\"mh-excerpt-more\" href=\"https:\/\/www.tucomarca.com\/wordpress\/segunda\/benaguasil-proclama-a-las-maximas-representantes-de-las-fallas-de-2024\/\" title=\"Benaguasil proclama a las m\u00e1ximas representantes de las Fallas de 2024\">[+] <\/a><\/div>\n","protected":false},"author":12,"featured_media":201141,"comment_status":"open","ping_status":"open","sticky":false,"template":"","format":"gallery","meta":{"footnotes":""},"categories":[172,46,8,72,7,3,45],"tags":[10429,10395,19153],"class_list":{"0":"post-201138","1":"post","2":"type-post","3":"status-publish","4":"format-gallery","5":"has-post-thumbnail","7":"category-benaguasil","8":"category-camp-de-turia","9":"category-la-comarca","10":"category-sin-categorizar","11":"category-ocio-y-cultura","12":"category-seccion","13":"category-ventana","14":"tag-benaguasil","15":"tag-camp-de-turia","16":"tag-fallas-2024","17":"post_format-post-format-gallery"},"_links":{"self":[{"href":"https:\/\/www.tucomarca.com\/wordpress\/segunda\/wp-json\/wp\/v2\/posts\/201138","targetHints":{"allow":["GET"]}}],"collection":[{"href":"https:\/\/www.tucomarca.com\/wordpress\/segunda\/wp-json\/wp\/v2\/posts"}],"about":[{"href":"https:\/\/www.tucomarca.com\/wordpress\/segunda\/wp-json\/wp\/v2\/types\/post"}],"author":[{"embeddable":true,"href":"https:\/\/www.tucomarca.com\/wordpress\/segunda\/wp-json\/wp\/v2\/users\/12"}],"replies":[{"embeddable":true,"href":"https:\/\/www.tucomarca.com\/wordpress\/segunda\/wp-json\/wp\/v2\/comments?post=201138"}],"version-history":[{"count":0,"href":"https:\/\/www.tucomarca.com\/wordpress\/segunda\/wp-json\/wp\/v2\/posts\/201138\/revisions"}],"wp:featuredmedia":[{"embeddable":true,"href":"https:\/\/www.tucomarca.com\/wordpress\/segunda\/wp-json\/wp\/v2\/media\/201141"}],"wp:attachment":[{"href":"https:\/\/www.tucomarca.com\/wordpress\/segunda\/wp-json\/wp\/v2\/media?parent=201138"}],"wp:term":[{"taxonomy":"category","embeddable":true,"href":"https:\/\/www.tucomarca.com\/wordpress\/segunda\/wp-json\/wp\/v2\/categories?post=201138"},{"taxonomy":"post_tag","embeddable":true,"href":"https:\/\/www.tucomarca.com\/wordpress\/segunda\/wp-json\/wp\/v2\/tags?post=201138"}],"curies":[{"name":"wp","href":"https:\/\/api.w.org\/{rel}","templated":true}]}}