{"id":201178,"date":"2023-10-22T14:00:00","date_gmt":"2023-10-22T12:00:00","guid":{"rendered":"https:\/\/www.tucomarca.com\/wordpress\/segunda\/?p=201178"},"modified":"2023-10-23T19:57:25","modified_gmt":"2023-10-23T17:57:25","slug":"riba-roja-de-turia-reduce-el-nivel-del-paro-en-un-21-en-septiembre-y-alcanza-una-afiliacion-a-la-seguridad-social-de-19-496-trabajadores","status":"publish","type":"post","link":"https:\/\/www.tucomarca.com\/wordpress\/segunda\/riba-roja-de-turia-reduce-el-nivel-del-paro-en-un-21-en-septiembre-y-alcanza-una-afiliacion-a-la-seguridad-social-de-19-496-trabajadores\/","title":{"rendered":"Riba-roja de T\u00faria reduce el nivel del paro en un 2\u20191% en septiembre y alcanza una afiliaci\u00f3n a la Seguridad Social de 19.496 trabajadores<strong> &nbsp;<\/strong>"},"content":{"rendered":"\n<h4 class=\"wp-block-heading\">La localidad experimenta una mejora en las cifras de creaci\u00f3n de empleo y un incremento de la contrataci\u00f3n del 10\u20197% durante el mes de septiembre pasado&nbsp;<\/h4>\n\n\n\n<p>La \u00e9poca estival ha concluido con una reducci\u00f3n del nivel de paro en Riba-roja de T\u00faria de hasta el 2\u20191% al crearse 29 puestos de trabajo en septiembre pasado. De esta forma, la localidad ha pasado de 1.377 parados en agosto a los 1.348 desempleados en septiembre, es decir, una minoraci\u00f3n de 29 personas, que se eleva hasta las 66 si se comparan con los 1.414 parados existentes en enero de este mismo a\u00f1o.&nbsp;<\/p>\n\n\n\n<p>Los datos facilitados por Labora, el organismo auton\u00f3mico encargado de la formaci\u00f3n y el empleo en el \u00e1mbito de la Comunitat Valenciana, atestiguan, adem\u00e1s, una mejor\u00eda notable en la generaci\u00f3n de contratos laborales, que ascendieron a los 1.234 contratos m\u00e1s formalizados en septiembre de este a\u00f1o, 120 m\u00e1s que en el mes anterior de agosto que se registraron 1.114 contratos laborales. De esta forma, la contrataci\u00f3n laboral entre agosto y septiembre de este a\u00f1o se ha incrementado en hasta un 10\u20197% en total.&nbsp;<\/p>\n\n\n\n<p>Las estad\u00edsticas publicadas por Labora fijan en 1.348 personas las que se hallan desempleadas en Riba-roja de T\u00faria, actualmente, de las que 514 son hombres y las 834 personas restantes son mujeres. Si se comparan con el principio de a\u00f1o, en enero, un total de 31 hombres han hallado un puesto de trabajo \u2013de 545 a 514- mientras que otras 65 mujeres se han incorporado al mercado laboral, de 869 pasan a 834 mujeres.&nbsp;<\/p>\n\n\n\n<p>Las afiliaciones a la Seguridad Social en Riba-roja de T\u00faria han crecido en otro 4\u20195% entre enero de este a\u00f1o cifradas en 18.656 hasta las 19.496 afiliaciones registradas en agosto pasado, es decir, 840 m\u00e1s de incremento. Las afiliaciones en el r\u00e9gimen general se elevan a las 17.559 registradas en agosto mientras que las correspondientes a los aut\u00f3nomos suponen otras 1.779 personas, 58 del \u00e1mbito agrario y otras 100 relacionadas con el hogar.&nbsp;<\/p>\n\n\n\n<p>Los demandantes de empleo existentes en Riba-roja de T\u00faria, fijados en los citados 1.348 parados, se distribuyen por sector de actividad en los 997 del sector servicios, los 163 de la industria, los 107 de la construcci\u00f3n y los 24 de la agricultura, mientras que otras 57 personas se hallan encuadrados en un \u00e1mbito gen\u00e9rico. Por grupo de edad, la franja entre los 25 y los 44 a\u00f1os suponen un total de 431 parados, otros 119 tienen menos de 25 a\u00f1os y, por \u00faltimo, los restantes 798 parados son personas con m\u00e1s de 44 a\u00f1os, seg\u00fan se pone de manifiesto en las estad\u00edsticas de Labora.&nbsp;<\/p>\n\n\n\n<p>Por grupos de edad, las mujeres de m\u00e1s de 44 a\u00f1os de edad se sit\u00faan en 499 paradas, seguido de los hombres en la misma franja de edad con 299 en total, otro grupo son las 278 mujeres de entre 25 y 44 a\u00f1os, los 153 hombres de entre los 25 y 44 a\u00f1os o los 62 hombres de menos de 25 a\u00f1os. Por \u00faltimo, las 57 mujeres restantes en situaci\u00f3n de paro en Riba-roja de T\u00faria tienen, tambi\u00e9n, menos de 25 a\u00f1os.&nbsp;<\/p>\n\n\n\n<p>En cuanto a los grupos de ocupaci\u00f3n sobre el total de parados en Riba-roja de T\u00faria, 1.348 personas, hay 370 que est\u00e1n relacionadas con ocupaciones elementales, otras 289 pertenecen al grupo de trabajadores de los servicios de restauraci\u00f3n, personales, protecci\u00f3n y vendedores, 187 son empleados contables, administrativos y otros empleados de oficina, 158 son artesanos y trabajadores cualificados de las industrias manufactureras y la construcci\u00f3n, 127 son t\u00e9cnicos y profesionales de apoyo y 79 son t\u00e9cnicos y profesionales, cient\u00edficos e intelectuales.&nbsp;<\/p>\n\n\n\n<p>En cuanto a la contrataci\u00f3n, aumentan los contratos de tipo indefinido, de los 495 que se realizaron en el mes de junio pasado hasta los 576 que se formalizaron en septiembre pasado, mientras que en el mismo periodo se llevaron a cabo 622 temporales. Por sectores, predominan los 940 contratos del sector de los servicios, los 262 de la industria o los 31 contratos correspondientes a la construcci\u00f3n.&nbsp;<\/p>\n\n\n\n<p>El alcalde de Riba-roja de T\u00faria, Robert Raga, ha afirmado que estas cifras \u201cse deben tratar con cautela y con moderaci\u00f3n dentro de la tendencia positiva experimentada en los \u00faltimos tiempos, con la creaci\u00f3n de empleo en consonancia con el resto de la Comunitat Valenciana, que permite mirar con mayores perspectivas el futuro y con una relevancia del incremento de los contratos indefinidos cada vez mayor\u201d.&nbsp;<\/p>\n","protected":false},"excerpt":{"rendered":"<div class=\"mh-excerpt\">La localidad experimenta una mejora en las cifras de creaci\u00f3n de empleo y un incremento de la contrataci\u00f3n del 10\u20197% durante el mes de septiembre pasado&nbsp; La \u00e9poca estival ha concluido con una reducci\u00f3n del <a class=\"mh-excerpt-more\" href=\"https:\/\/www.tucomarca.com\/wordpress\/segunda\/riba-roja-de-turia-reduce-el-nivel-del-paro-en-un-21-en-septiembre-y-alcanza-una-afiliacion-a-la-seguridad-social-de-19-496-trabajadores\/\" title=\"Riba-roja de T\u00faria reduce el nivel del paro en un 2\u20191% en septiembre y alcanza una afiliaci\u00f3n a la Seguridad Social de 19.496 trabajadores &nbsp;\">[+] <\/a><\/div>\n","protected":false},"author":12,"featured_media":201179,"comment_status":"open","ping_status":"open","sticky":false,"template":"","format":"standard","meta":{"footnotes":""},"categories":[46,8,142,3],"tags":[10395,16293,15023],"class_list":{"0":"post-201178","1":"post","2":"type-post","3":"status-publish","4":"format-standard","5":"has-post-thumbnail","7":"category-camp-de-turia","8":"category-la-comarca","9":"category-politica-la-comarca","10":"category-seccion","11":"tag-camp-de-turia","12":"tag-reduccion-del-paro","13":"tag-riba-roja-de-turia"},"_links":{"self":[{"href":"https:\/\/www.tucomarca.com\/wordpress\/segunda\/wp-json\/wp\/v2\/posts\/201178","targetHints":{"allow":["GET"]}}],"collection":[{"href":"https:\/\/www.tucomarca.com\/wordpress\/segunda\/wp-json\/wp\/v2\/posts"}],"about":[{"href":"https:\/\/www.tucomarca.com\/wordpress\/segunda\/wp-json\/wp\/v2\/types\/post"}],"author":[{"embeddable":true,"href":"https:\/\/www.tucomarca.com\/wordpress\/segunda\/wp-json\/wp\/v2\/users\/12"}],"replies":[{"embeddable":true,"href":"https:\/\/www.tucomarca.com\/wordpress\/segunda\/wp-json\/wp\/v2\/comments?post=201178"}],"version-history":[{"count":0,"href":"https:\/\/www.tucomarca.com\/wordpress\/segunda\/wp-json\/wp\/v2\/posts\/201178\/revisions"}],"wp:featuredmedia":[{"embeddable":true,"href":"https:\/\/www.tucomarca.com\/wordpress\/segunda\/wp-json\/wp\/v2\/media\/201179"}],"wp:attachment":[{"href":"https:\/\/www.tucomarca.com\/wordpress\/segunda\/wp-json\/wp\/v2\/media?parent=201178"}],"wp:term":[{"taxonomy":"category","embeddable":true,"href":"https:\/\/www.tucomarca.com\/wordpress\/segunda\/wp-json\/wp\/v2\/categories?post=201178"},{"taxonomy":"post_tag","embeddable":true,"href":"https:\/\/www.tucomarca.com\/wordpress\/segunda\/wp-json\/wp\/v2\/tags?post=201178"}],"curies":[{"name":"wp","href":"https:\/\/api.w.org\/{rel}","templated":true}]}}