{"id":201192,"date":"2023-10-23T13:10:00","date_gmt":"2023-10-23T11:10:00","guid":{"rendered":"https:\/\/www.tucomarca.com\/wordpress\/segunda\/?p=201192"},"modified":"2023-10-23T21:10:37","modified_gmt":"2023-10-23T19:10:37","slug":"cheste-proclama-a-las-representantes-de-su-junta-local-fallera-2024","status":"publish","type":"post","link":"https:\/\/www.tucomarca.com\/wordpress\/segunda\/cheste-proclama-a-las-representantes-de-su-junta-local-fallera-2024\/","title":{"rendered":"Cheste proclama a las representantes de su Junta Local Fallera 2024"},"content":{"rendered":"\n<p>El sal\u00f3n de plenos del ayuntamiento acogi\u00f3 el pasado s\u00e1bado, 21 de octubre, el acto de exaltaci\u00f3n de las falleras mayores de la Junta Local Fallera de Cheste.&nbsp;<\/p>\n\n\n\n<figure class=\"wp-block-gallery has-nested-images columns-default is-cropped wp-block-gallery-1 is-layout-flex wp-block-gallery-is-layout-flex\">\n<figure class=\"wp-block-image size-large\"><img loading=\"lazy\" decoding=\"async\" width=\"886\" height=\"591\" data-id=\"201197\" src=\"https:\/\/www.tucomarca.com\/wordpress\/segunda\/wp-content\/uploads\/2023\/10\/ChesteExaltacionFalleras_1.jpg\" alt=\"\" class=\"wp-image-201197\" srcset=\"https:\/\/www.tucomarca.com\/wordpress\/segunda\/wp-content\/uploads\/2023\/10\/ChesteExaltacionFalleras_1.jpg 886w, https:\/\/www.tucomarca.com\/wordpress\/segunda\/wp-content\/uploads\/2023\/10\/ChesteExaltacionFalleras_1-300x200.jpg 300w, https:\/\/www.tucomarca.com\/wordpress\/segunda\/wp-content\/uploads\/2023\/10\/ChesteExaltacionFalleras_1-768x512.jpg 768w\" sizes=\"auto, (max-width: 886px) 100vw, 886px\" \/><\/figure>\n\n\n\n<figure class=\"wp-block-image size-large\"><img loading=\"lazy\" decoding=\"async\" width=\"886\" height=\"591\" data-id=\"201199\" src=\"https:\/\/www.tucomarca.com\/wordpress\/segunda\/wp-content\/uploads\/2023\/10\/ChesteExaltacionFalleras_2.jpg\" alt=\"\" class=\"wp-image-201199\" srcset=\"https:\/\/www.tucomarca.com\/wordpress\/segunda\/wp-content\/uploads\/2023\/10\/ChesteExaltacionFalleras_2.jpg 886w, https:\/\/www.tucomarca.com\/wordpress\/segunda\/wp-content\/uploads\/2023\/10\/ChesteExaltacionFalleras_2-300x200.jpg 300w, https:\/\/www.tucomarca.com\/wordpress\/segunda\/wp-content\/uploads\/2023\/10\/ChesteExaltacionFalleras_2-768x512.jpg 768w\" sizes=\"auto, (max-width: 886px) 100vw, 886px\" \/><\/figure>\n<\/figure>\n\n\n\n<p>El evento estuvo conducido por Teo Vallet, vicepresidente de la Junta Local, quien dio la bienvenida a alcalde, Jose Morell, y al concejal de Fiestas, \u00d3scar Gald\u00f3n, como presidentes del acto. \u201cLo que celebramos hoy es la despedida de las \u00faltimas representantes de las fallas de nuestra poblaci\u00f3n y la bienvenida a su relevo. Este acto es una manifestaci\u00f3n de esa pasi\u00f3n con la que vivimos los falleros y cuyo poder hipn\u00f3tico cierra y abre cada a\u00f1o el final de un ciclo y el inicio de otro\u201d, anunciaba Vallet.<\/p>\n\n\n\n<p>Tras su palabras fueron llamadas las falleras salientes, Candela Llorens Bele\u00f1a y Marina Lleonart Oca\u00f1a, para pasar el testigo a sus compa\u00f1eras, Reme Peix Manzano y Marta Huercio Mar\u00edn, quienes representar\u00e1n a la Junta Local Fallera de Cheste en 2024 como Fallera Mayor y Fallera Mayor Infantil, respectivamente. \u201cLas falleras salientes han afrontado el periodo m\u00e1s largo en toda la historia de las fallas de nuestra poblaci\u00f3n como m\u00e1ximas representantes de su comisi\u00f3n y de la Junta Local, hab\u00e9is enfrentado con valent\u00eda y disciplina los tiempos tan convulsos que nos toc\u00f3 vivir y vuestro compromiso con la fiesta pasar\u00e1 a la posteridad. A las falleras entrantes les quiero recordar que ser representante de la Junta Local significa estrechar los lazos de armon\u00eda y cordialidad entre las dos comisiones que la formamos e impulsar el mejor entendimiento a favor del mayor \u00e9xito y prestigio de nuestra fiesta fallera\u201d, apuntaba Vallet.<\/p>\n\n\n\n<p>Antes de celebrar el momento de la exaltaci\u00f3n, las falleras salientes intervinieron para agradecer el apoyo recibido y dedicar unas palabras a sus compa\u00f1eras. \u201cHoy ponemos fin a uno de los sue\u00f1os que cualquier fallera mayor de su falla tiene, y es ser fallera mayor de la junta local de su pueblo, pues es el m\u00e1ximo cargo. Son muchos los recuerdos que nos llevamos. Damos las gracias a nuestras familias y a la comisi\u00f3n fallera por acompa\u00f1arnos durante este a\u00f1o. Reme y Marta, deciros que disfrut\u00e9is de los actos, que es un a\u00f1o muy especial, es un orgullo representar a nuestro pueblo y nuestras fallas, especialmente este a\u00f1o cuando se ha declarado nuestra cabalgata de San Jos\u00e9 Bien de inter\u00e9s tur\u00edstico\u201d.<\/p>\n\n\n\n<p>Acto seguido se realiz\u00f3 la imposici\u00f3n de bandas, con el aplauso de todas las personas asistentes.<\/p>\n\n\n\n<p>\u201cCuando supe que iba ser fallera mayor infantil sent\u00ed que un sue\u00f1o se hac\u00eda realidad. He tenido un a\u00f1o inolvidable y ahora voy a representar a mi pueblo y es una gran responsabilidad, me comprometo a poner todo de mi parte para hacerlo lo mejor posible. Os invito a acompa\u00f1arme y a disfrutar de las fiestas como solo los falleros sabemos hacerlo\u201d, manifestaba Reme Peix.<\/p>\n\n\n\n<p>En la misma l\u00ednea, Marta Huercio dedic\u00f3 unas palabras a dejar patente su compromiso y su ilusi\u00f3n con el nuevo cargo. \u201cDespu\u00e9s de tanto tiempo vuelvo a estar aqu\u00ed, poder representar a mi pueblo es todo un honor y a la vez una gran a responsabilidad, voy a poner todo mi esfuerzo y mi ilusi\u00f3n para dejar a Cheste en el mejor lugar, el que se merece\u201d.<\/p>\n\n\n\n<p>El alcalde, Jos\u00e9 Morell, fue el encargado de cerrar del acto con su discurso. \u201cA\u00fan toca acordarnos un poco de la pandemia, aunque estemos en 2023, ya que Candela y Marina estuvieron en los momentos dif\u00edciles, demostrando una gran capacidad de adaptaci\u00f3n y sabiendo sacar lo positivo en un momento tan complicado. Muchas gracias por el compromiso con las fallas de vuestro pueblo\u201d, declaraba Morell. \u201cLa Junta nos permite participar m\u00e1s y mejor en las Fallas de Valencia pero tambi\u00e9n nos permite trabajar en objetivos conjuntos entre las dos fallas y, este a\u00f1o, tenemos que destacar la declaraci\u00f3n de inter\u00e9s tur\u00edstico de la Cabalgata de San Jos\u00e9. Ya hace 80 a\u00f1os que se celebra, como una ilusi\u00f3n colectiva y con el enorme trabajo de todo un a\u00f1o, fruto del esfuerzo de todos los que est\u00e1is aqu\u00ed. Este reconocimiento es un homenaje a todos los falleros que generaci\u00f3n tras generaci\u00f3n lo han conseguido, gracias por poner a Cheste en el mapa de las fallas con este trabajo. A las falleras entrantes os digo que estoy seguro que vais a ser depositarias de todas esta tradici\u00f3n. Os deseo que el a\u00f1o sea inolvidable, hemos visto que trabajando juntos se llega mucho m\u00e1s lejos, as\u00ed que cuento con vosotras para hacer grandes Las Fallas\u201d, finalizaba Morell.<\/p>\n","protected":false},"excerpt":{"rendered":"<div class=\"mh-excerpt\">El sal\u00f3n de plenos del ayuntamiento acogi\u00f3 el pasado s\u00e1bado, 21 de octubre, el acto de exaltaci\u00f3n de las falleras mayores de la Junta Local Fallera de Cheste.&nbsp; El evento estuvo conducido por Teo Vallet, <a class=\"mh-excerpt-more\" href=\"https:\/\/www.tucomarca.com\/wordpress\/segunda\/cheste-proclama-a-las-representantes-de-su-junta-local-fallera-2024\/\" title=\"Cheste proclama a las representantes de su Junta Local Fallera 2024\">[+] <\/a><\/div>\n","protected":false},"author":12,"featured_media":201203,"comment_status":"open","ping_status":"open","sticky":false,"template":"","format":"gallery","meta":{"footnotes":""},"categories":[17,8,10,7,3,45],"tags":[339,10820,5952],"class_list":{"0":"post-201192","1":"post","2":"type-post","3":"status-publish","4":"format-gallery","5":"has-post-thumbnail","7":"category-cheste","8":"category-la-comarca","9":"category-la-hoya","10":"category-ocio-y-cultura","11":"category-seccion","12":"category-ventana","13":"tag-cheste-2","14":"tag-junta-local-fallera-de-cheste","15":"tag-la-hoya-de-bunol-chiva","16":"post_format-post-format-gallery"},"_links":{"self":[{"href":"https:\/\/www.tucomarca.com\/wordpress\/segunda\/wp-json\/wp\/v2\/posts\/201192","targetHints":{"allow":["GET"]}}],"collection":[{"href":"https:\/\/www.tucomarca.com\/wordpress\/segunda\/wp-json\/wp\/v2\/posts"}],"about":[{"href":"https:\/\/www.tucomarca.com\/wordpress\/segunda\/wp-json\/wp\/v2\/types\/post"}],"author":[{"embeddable":true,"href":"https:\/\/www.tucomarca.com\/wordpress\/segunda\/wp-json\/wp\/v2\/users\/12"}],"replies":[{"embeddable":true,"href":"https:\/\/www.tucomarca.com\/wordpress\/segunda\/wp-json\/wp\/v2\/comments?post=201192"}],"version-history":[{"count":0,"href":"https:\/\/www.tucomarca.com\/wordpress\/segunda\/wp-json\/wp\/v2\/posts\/201192\/revisions"}],"wp:featuredmedia":[{"embeddable":true,"href":"https:\/\/www.tucomarca.com\/wordpress\/segunda\/wp-json\/wp\/v2\/media\/201203"}],"wp:attachment":[{"href":"https:\/\/www.tucomarca.com\/wordpress\/segunda\/wp-json\/wp\/v2\/media?parent=201192"}],"wp:term":[{"taxonomy":"category","embeddable":true,"href":"https:\/\/www.tucomarca.com\/wordpress\/segunda\/wp-json\/wp\/v2\/categories?post=201192"},{"taxonomy":"post_tag","embeddable":true,"href":"https:\/\/www.tucomarca.com\/wordpress\/segunda\/wp-json\/wp\/v2\/tags?post=201192"}],"curies":[{"name":"wp","href":"https:\/\/api.w.org\/{rel}","templated":true}]}}