{"id":201332,"date":"2023-10-24T09:15:00","date_gmt":"2023-10-24T07:15:00","guid":{"rendered":"https:\/\/www.tucomarca.com\/wordpress\/segunda\/?p=201332"},"modified":"2023-10-24T21:33:00","modified_gmt":"2023-10-24T19:33:00","slug":"la-diputacio-activara-la-via-ciclopeatonal-que-unira-cheste-y-chiva","status":"publish","type":"post","link":"https:\/\/www.tucomarca.com\/wordpress\/segunda\/la-diputacio-activara-la-via-ciclopeatonal-que-unira-cheste-y-chiva\/","title":{"rendered":"La Diputaci\u00f3 activar\u00e1 la v\u00eda ciclopeatonal que unir\u00e1 Cheste y Chiva<strong>&nbsp;<\/strong>"},"content":{"rendered":"\n<h4 class=\"wp-block-heading\">La diputada de Carreteras, Reme Mazzolari acuerda con la alcaldesa de Chiva, Amparo Fort, y al alcalde de Cheste, Jos\u00e9 Morell, \u201cdar el impulso definitivo para facilitar el tr\u00e1nsito ciclista y peatonal entre dos municipios que tienen mucho flujo de poblaci\u00f3n diario\u201d<\/h4>\n\n\n\n<h4 class=\"wp-block-heading\">Los dos ayuntamientos han suscrito esta ma\u00f1ana la integraci\u00f3n en la Red de Carreteras de la Generalitat del acceso al circuito de Cheste desde la A3, cuyo ente titular ser\u00e1 la Diputaci\u00f3n de Valencia<\/h4>\n\n\n\n<p>La diputada de Carreteras y vicepresidenta 2\u00aa de la Diputaci\u00f3 de Val\u00e8ncia, Reme Mazzolari, se ha reunido esta ma\u00f1ana con la alcaldesa de Chiva, Amparo Fort, y el alcalde de Cheste, Jos\u00e9 Morell, para abordar diferentes asuntos relacionados con infraestructuras que afectan a ambos municipios.<\/p>\n\n\n\n<p>Uno de los puntos que se han tratado es la posible conexi\u00f3n de ambas poblaciones mediante una v\u00eda ciclopeatonal. \u201cSe trata de un proyecto que necesitaba el impulso definitivo que le vamos a dar desde la Diputaci\u00f3n, como una manera de facilitar el tr\u00e1nsito entre las dos poblaciones, promoviendo v\u00edas de comunicaci\u00f3n saludables con las m\u00e1ximas garant\u00edas de seguridad\u201d, indica la diputada Reme Mazzolari.&nbsp; &nbsp;<\/p>\n\n\n\n<p>La tambi\u00e9n vicepresidenta 2\u00aa de la Diputaci\u00f3 explica que \u201cesta actuaci\u00f3n se alinea perfectamente con el objetivo de este equipo de gobierno de facilitar los lazos de uni\u00f3n entre poblaciones colindantes\u201d, e incide en \u201cel compromiso del presidente Vicent Momp\u00f3 de que la red de comunicaciones que se promueva desde la Diputaci\u00f3 atienda tanto a grandes carreteras como a otros tipos de v\u00edas que sean de inter\u00e9s para los municipios\u201d.&nbsp;<\/p>\n\n\n\n<p><strong>Adecuaci\u00f3n del acceso al circuito de Cheste<\/strong><\/p>\n\n\n\n<p>La reuni\u00f3n entre la diputada de carreteras y los primeros ediles de Chiva y de Cheste, tambi\u00e9n&nbsp;ha servido para acelerar los tr\u00e1mites administrativos que permitir\u00e1n que la Diputaci\u00f3 acondicione la carretera que une la A3 con el Circuito de Cheste. \u201cSe trata de una actuaci\u00f3n que vamos a realizar de manera urgente para que est\u00e9 lista para el mundial de motociclismo del \u00faltimo fin de semana de noviembre\u201d, confirma la diputada Reme Mazzolari.<\/p>\n\n\n\n<p>La actuaci\u00f3n del \u00e1rea de Carreteras se centrar\u00e1 en la reparaci\u00f3n del firme y la mejora del drenaje, \u201ccon el objetivo de incrementar la seguridad de los miles de veh\u00edculos, tanto coches como sobre todo motos, que transitan la zona los d\u00edas que hay alg\u00fan evento en el circuito\u201d, explica Mazzolari, \u201cy que tiene en el Gran Premio de la Comunitat Valenciana el evento m\u00e1s destacado del a\u00f1o\u201d.<\/p>\n\n\n\n<p>La modificaci\u00f3n administrativa consiste en dar conformidad a la modificaci\u00f3n propuesta por la Conselleria de Medio Ambiente, Agua, Infraestructuras y Territorio para la inclusi\u00f3n de este tramo dentro de la Red de Carreteras del Sistema Viario de la Comunidad Valenciana, asignando la titularidad de la misma a la Diputaci\u00f3n de Valencia con denominaci\u00f3n CV-386, acceso sudeste al circuito de velocidad.&nbsp;<\/p>\n","protected":false},"excerpt":{"rendered":"<div class=\"mh-excerpt\">La diputada de Carreteras, Reme Mazzolari acuerda con la alcaldesa de Chiva, Amparo Fort, y al alcalde de Cheste, Jos\u00e9 Morell, \u201cdar el impulso definitivo para facilitar el tr\u00e1nsito ciclista y peatonal entre dos municipios <a class=\"mh-excerpt-more\" href=\"https:\/\/www.tucomarca.com\/wordpress\/segunda\/la-diputacio-activara-la-via-ciclopeatonal-que-unira-cheste-y-chiva\/\" title=\"La Diputaci\u00f3 activar\u00e1 la v\u00eda ciclopeatonal que unir\u00e1 Cheste y Chiva&nbsp;\">[+] <\/a><\/div>\n","protected":false},"author":12,"featured_media":201335,"comment_status":"open","ping_status":"open","sticky":false,"template":"","format":"standard","meta":{"footnotes":""},"categories":[17,16,128,8,10,142,3,45],"tags":[10384,3677,5952,15306],"class_list":{"0":"post-201332","1":"post","2":"type-post","3":"status-publish","4":"format-standard","5":"has-post-thumbnail","7":"category-cheste","8":"category-chiva","9":"category-infraestructuras","10":"category-la-comarca","11":"category-la-hoya","12":"category-politica-la-comarca","13":"category-seccion","14":"category-ventana","15":"tag-chiva","16":"tag-diputacio-de-valencia","17":"tag-la-hoya-de-bunol-chiva","18":"tag-via-ciclopeatonal"},"_links":{"self":[{"href":"https:\/\/www.tucomarca.com\/wordpress\/segunda\/wp-json\/wp\/v2\/posts\/201332","targetHints":{"allow":["GET"]}}],"collection":[{"href":"https:\/\/www.tucomarca.com\/wordpress\/segunda\/wp-json\/wp\/v2\/posts"}],"about":[{"href":"https:\/\/www.tucomarca.com\/wordpress\/segunda\/wp-json\/wp\/v2\/types\/post"}],"author":[{"embeddable":true,"href":"https:\/\/www.tucomarca.com\/wordpress\/segunda\/wp-json\/wp\/v2\/users\/12"}],"replies":[{"embeddable":true,"href":"https:\/\/www.tucomarca.com\/wordpress\/segunda\/wp-json\/wp\/v2\/comments?post=201332"}],"version-history":[{"count":0,"href":"https:\/\/www.tucomarca.com\/wordpress\/segunda\/wp-json\/wp\/v2\/posts\/201332\/revisions"}],"wp:featuredmedia":[{"embeddable":true,"href":"https:\/\/www.tucomarca.com\/wordpress\/segunda\/wp-json\/wp\/v2\/media\/201335"}],"wp:attachment":[{"href":"https:\/\/www.tucomarca.com\/wordpress\/segunda\/wp-json\/wp\/v2\/media?parent=201332"}],"wp:term":[{"taxonomy":"category","embeddable":true,"href":"https:\/\/www.tucomarca.com\/wordpress\/segunda\/wp-json\/wp\/v2\/categories?post=201332"},{"taxonomy":"post_tag","embeddable":true,"href":"https:\/\/www.tucomarca.com\/wordpress\/segunda\/wp-json\/wp\/v2\/tags?post=201332"}],"curies":[{"name":"wp","href":"https:\/\/api.w.org\/{rel}","templated":true}]}}