{"id":201474,"date":"2023-10-26T09:00:00","date_gmt":"2023-10-26T07:00:00","guid":{"rendered":"https:\/\/www.tucomarca.com\/wordpress\/segunda\/?p=201474"},"modified":"2023-10-26T15:24:26","modified_gmt":"2023-10-26T13:24:26","slug":"la-exposicion-homenaje-a-cruz-roja-utiel-repasa-la-trayectoria-de-la-entidad-social-durante-sus-150-anos-de-apoyo-a-la-comunidad","status":"publish","type":"post","link":"https:\/\/www.tucomarca.com\/wordpress\/segunda\/la-exposicion-homenaje-a-cruz-roja-utiel-repasa-la-trayectoria-de-la-entidad-social-durante-sus-150-anos-de-apoyo-a-la-comunidad\/","title":{"rendered":"La exposici\u00f3n homenaje a Cruz Roja Utiel repasa la trayectoria de la entidad social durante sus 150 a\u00f1os de apoyo a la comunidad"},"content":{"rendered":"\n<h4 class=\"wp-block-heading\">Hace 150 a\u00f1os se cre\u00f3 en Utiel la primera subcomisi\u00f3n de Cruz Roja en la provincia de Valencia, lo que la convierte en un referente de voluntariado a nivel auton\u00f3mico.<\/h4>\n\n\n\n<p>Este mi\u00e9rcoles abr\u00eda sus puertas la exposici\u00f3n documental del 150 aniversario de la Asamblea Local de Cruz Roja en Utiel bajo el lema \u00abLos tiempos cambian. La solidaridad contin\u00faa\u00bb. Todo un referente a nivel auton\u00f3mico como organizaci\u00f3n de voluntariado al servicio de las personas m\u00e1s desfavorecidas de su entorno.<\/p>\n\n\n\n<p>El acto de inauguraci\u00f3n ha contado con la asistencia&nbsp; del Presidente Provincial de Cruz Roja en Valencia, Juan Jos\u00e9 Collado, la actual presidenta de Cruz Roja en Utiel, Mar\u00eda Teruel, el presidente de Cruz Roja en Utiel desde 2005 y hasta 2023, Ramon D\u00edaz as\u00ed como el alcalde de Utiel, Ricardo Gabald\u00f3n, que estuvo acompa\u00f1ado de las &nbsp; concejalas de Bienestar Social y Cultura, Roc\u00edo L\u00f3pez e Irene Tello, el concejal de festejos, Rub\u00e9n Murcia, el cronista oficial, Jos\u00e9 Luis Mart\u00ednez, voluntarios y amigos que han querido participar en este emotivo reconocimiento a todas aquellas personas que han formado parte de la entidad durante siglo y medio de andadura apoyando a los m\u00e1s necesitados.<\/p>\n\n\n\n<p>El alcalde de Utiel ha felicitado a los representantes de Cruz Roja de Utiel y ha animado a todos los utielanos a visitar la exposici\u00f3n en la Casa de Cultura hasta el pr\u00f3ximo viernes 27 de octubre, d\u00eda en el que se celebrar\u00e1 el acto conmemorativo de los 150 a\u00f1os de trayectoria de la Delegaci\u00f3n de Cruz Roja Utiel, la primera subcomisi\u00f3n de la provincia de Valencia y una de las pioneras en ofrecer su ayuda y asistencia a la poblaci\u00f3n de la Comunidad Valenciana.&nbsp;<\/p>\n","protected":false},"excerpt":{"rendered":"<div class=\"mh-excerpt\">Hace 150 a\u00f1os se cre\u00f3 en Utiel la primera subcomisi\u00f3n de Cruz Roja en la provincia de Valencia, lo que la convierte en un referente de voluntariado a nivel auton\u00f3mico. Este mi\u00e9rcoles abr\u00eda sus puertas <a class=\"mh-excerpt-more\" href=\"https:\/\/www.tucomarca.com\/wordpress\/segunda\/la-exposicion-homenaje-a-cruz-roja-utiel-repasa-la-trayectoria-de-la-entidad-social-durante-sus-150-anos-de-apoyo-a-la-comunidad\/\" title=\"La exposici\u00f3n homenaje a Cruz Roja Utiel repasa la trayectoria de la entidad social durante sus 150 a\u00f1os de apoyo a la comunidad\">[+] <\/a><\/div>\n","protected":false},"author":12,"featured_media":201476,"comment_status":"open","ping_status":"open","sticky":false,"template":"","format":"standard","meta":{"footnotes":""},"categories":[8,7,27,3,29],"tags":[19801,10387,10389],"class_list":{"0":"post-201474","1":"post","2":"type-post","3":"status-publish","4":"format-standard","5":"has-post-thumbnail","7":"category-la-comarca","8":"category-ocio-y-cultura","9":"category-requena-utiel","10":"category-seccion","11":"category-utiel","12":"tag-cruz-roja-utiel","13":"tag-requena-utiel","14":"tag-utiel"},"_links":{"self":[{"href":"https:\/\/www.tucomarca.com\/wordpress\/segunda\/wp-json\/wp\/v2\/posts\/201474","targetHints":{"allow":["GET"]}}],"collection":[{"href":"https:\/\/www.tucomarca.com\/wordpress\/segunda\/wp-json\/wp\/v2\/posts"}],"about":[{"href":"https:\/\/www.tucomarca.com\/wordpress\/segunda\/wp-json\/wp\/v2\/types\/post"}],"author":[{"embeddable":true,"href":"https:\/\/www.tucomarca.com\/wordpress\/segunda\/wp-json\/wp\/v2\/users\/12"}],"replies":[{"embeddable":true,"href":"https:\/\/www.tucomarca.com\/wordpress\/segunda\/wp-json\/wp\/v2\/comments?post=201474"}],"version-history":[{"count":0,"href":"https:\/\/www.tucomarca.com\/wordpress\/segunda\/wp-json\/wp\/v2\/posts\/201474\/revisions"}],"wp:featuredmedia":[{"embeddable":true,"href":"https:\/\/www.tucomarca.com\/wordpress\/segunda\/wp-json\/wp\/v2\/media\/201476"}],"wp:attachment":[{"href":"https:\/\/www.tucomarca.com\/wordpress\/segunda\/wp-json\/wp\/v2\/media?parent=201474"}],"wp:term":[{"taxonomy":"category","embeddable":true,"href":"https:\/\/www.tucomarca.com\/wordpress\/segunda\/wp-json\/wp\/v2\/categories?post=201474"},{"taxonomy":"post_tag","embeddable":true,"href":"https:\/\/www.tucomarca.com\/wordpress\/segunda\/wp-json\/wp\/v2\/tags?post=201474"}],"curies":[{"name":"wp","href":"https:\/\/api.w.org\/{rel}","templated":true}]}}