{"id":201642,"date":"2023-10-26T15:00:00","date_gmt":"2023-10-26T13:00:00","guid":{"rendered":"https:\/\/www.tucomarca.com\/wordpress\/segunda\/?p=201642"},"modified":"2023-10-30T13:40:29","modified_gmt":"2023-10-30T11:40:29","slug":"la-alcaldesa-de-bunol-virginia-sanz-y-la-concejala-de-turismo-lucia-villar-se-reunen-con-la-diputacion-y-valencia-turisme","status":"publish","type":"post","link":"https:\/\/www.tucomarca.com\/wordpress\/segunda\/la-alcaldesa-de-bunol-virginia-sanz-y-la-concejala-de-turismo-lucia-villar-se-reunen-con-la-diputacion-y-valencia-turisme\/","title":{"rendered":"La alcaldesa de Bu\u00f1ol, Virginia Sanz, y la concejala de Turismo, Luc\u00eda Villar, se re\u00fanen con la Diputaci\u00f3n y Val\u00e8ncia Turisme"},"content":{"rendered":"\n<p>Esta semana, la alcaldesa de Bu\u00f1ol, Virginia Sanz, y la concejala de Turismo, Luc\u00eda Villar, se han reunido con el diputado de Turismo y Deportes, Pedro Antonio Cuesta, y el con director del Patronato de Turisme de Val\u00e8ncia, Xavier Pascual.<\/p>\n\n\n\n<p>\u00abEsta reuni\u00f3n ha tenido como objeto tratar temas fundamentales para el desarrollo y promoci\u00f3n de actividades tur\u00edsticas y deportivas en Bu\u00f1ol, subrayando la importancia de la colaboraci\u00f3n de las instituciones valencianas para fomentar el crecimiento y la atracci\u00f3n de visitantes al municipio\u00bb, seg\u00fan fuentes municipales.<\/p>\n","protected":false},"excerpt":{"rendered":"<div class=\"mh-excerpt\">Esta semana, la alcaldesa de Bu\u00f1ol, Virginia Sanz, y la concejala de Turismo, Luc\u00eda Villar, se han reunido con el diputado de Turismo y Deportes, Pedro Antonio Cuesta, y el con director del Patronato de <a class=\"mh-excerpt-more\" href=\"https:\/\/www.tucomarca.com\/wordpress\/segunda\/la-alcaldesa-de-bunol-virginia-sanz-y-la-concejala-de-turismo-lucia-villar-se-reunen-con-la-diputacion-y-valencia-turisme\/\" title=\"La alcaldesa de Bu\u00f1ol, Virginia Sanz, y la concejala de Turismo, Luc\u00eda Villar, se re\u00fanen con la Diputaci\u00f3n y Val\u00e8ncia Turisme\">[+] <\/a><\/div>\n","protected":false},"author":12,"featured_media":201645,"comment_status":"open","ping_status":"open","sticky":false,"template":"","format":"standard","meta":{"footnotes":""},"categories":[18,8,10,142,3],"tags":[10385,3677,5952,9841],"class_list":{"0":"post-201642","1":"post","2":"type-post","3":"status-publish","4":"format-standard","5":"has-post-thumbnail","7":"category-bunol","8":"category-la-comarca","9":"category-la-hoya","10":"category-politica-la-comarca","11":"category-seccion","12":"tag-bunol","13":"tag-diputacio-de-valencia","14":"tag-la-hoya-de-bunol-chiva","15":"tag-valencia-turisme"},"_links":{"self":[{"href":"https:\/\/www.tucomarca.com\/wordpress\/segunda\/wp-json\/wp\/v2\/posts\/201642","targetHints":{"allow":["GET"]}}],"collection":[{"href":"https:\/\/www.tucomarca.com\/wordpress\/segunda\/wp-json\/wp\/v2\/posts"}],"about":[{"href":"https:\/\/www.tucomarca.com\/wordpress\/segunda\/wp-json\/wp\/v2\/types\/post"}],"author":[{"embeddable":true,"href":"https:\/\/www.tucomarca.com\/wordpress\/segunda\/wp-json\/wp\/v2\/users\/12"}],"replies":[{"embeddable":true,"href":"https:\/\/www.tucomarca.com\/wordpress\/segunda\/wp-json\/wp\/v2\/comments?post=201642"}],"version-history":[{"count":0,"href":"https:\/\/www.tucomarca.com\/wordpress\/segunda\/wp-json\/wp\/v2\/posts\/201642\/revisions"}],"wp:featuredmedia":[{"embeddable":true,"href":"https:\/\/www.tucomarca.com\/wordpress\/segunda\/wp-json\/wp\/v2\/media\/201645"}],"wp:attachment":[{"href":"https:\/\/www.tucomarca.com\/wordpress\/segunda\/wp-json\/wp\/v2\/media?parent=201642"}],"wp:term":[{"taxonomy":"category","embeddable":true,"href":"https:\/\/www.tucomarca.com\/wordpress\/segunda\/wp-json\/wp\/v2\/categories?post=201642"},{"taxonomy":"post_tag","embeddable":true,"href":"https:\/\/www.tucomarca.com\/wordpress\/segunda\/wp-json\/wp\/v2\/tags?post=201642"}],"curies":[{"name":"wp","href":"https:\/\/api.w.org\/{rel}","templated":true}]}}