{"id":201774,"date":"2023-10-30T08:00:00","date_gmt":"2023-10-30T06:00:00","guid":{"rendered":"https:\/\/www.tucomarca.com\/wordpress\/segunda\/?p=201774"},"modified":"2023-10-31T14:51:57","modified_gmt":"2023-10-31T12:51:57","slug":"opinion-a-bocajarro-carta-a-un-periodista-por-joseh-larrazabal","status":"publish","type":"post","link":"https:\/\/www.tucomarca.com\/wordpress\/segunda\/opinion-a-bocajarro-carta-a-un-periodista-por-joseh-larrazabal\/","title":{"rendered":"Opini\u00f3n: A bocajarro: \u00abCarta a un periodista\u00bb, por J\u00f3seh Larraz\u00e1bal"},"content":{"rendered":"\n<figure class=\"wp-block-image size-large is-resized\"><img loading=\"lazy\" decoding=\"async\" src=\"https:\/\/www.tucomarca.com\/wordpress\/segunda\/wp-content\/uploads\/2021\/07\/JoseLarrazabal-1024x1024.jpg\" alt=\"\" class=\"wp-image-136627\" width=\"171\" height=\"171\" srcset=\"https:\/\/www.tucomarca.com\/wordpress\/segunda\/wp-content\/uploads\/2021\/07\/JoseLarrazabal-1024x1024.jpg 1024w, https:\/\/www.tucomarca.com\/wordpress\/segunda\/wp-content\/uploads\/2021\/07\/JoseLarrazabal-300x300.jpg 300w, https:\/\/www.tucomarca.com\/wordpress\/segunda\/wp-content\/uploads\/2021\/07\/JoseLarrazabal-290x290.jpg 290w, https:\/\/www.tucomarca.com\/wordpress\/segunda\/wp-content\/uploads\/2021\/07\/JoseLarrazabal-768x768.jpg 768w, https:\/\/www.tucomarca.com\/wordpress\/segunda\/wp-content\/uploads\/2021\/07\/JoseLarrazabal.jpg 1086w\" sizes=\"auto, (max-width: 171px) 100vw, 171px\" \/><\/figure>\n\n\n\n<p>Buen programa, Pedro.<br>Excelente exposici\u00f3n del tema del nuevo estadio.<br>Coincido contigo: Peter Lim debe salir del vcf y no hay \u00abconvenio\u00bb que valga, es una verg\u00fcenza que a\u00fan siga dirigiendo los destinos de este club centenario. Cada punto que consigue el equipo en un punto m\u00e1s que va al casillero de Lim.Cada partido que gana el Valencia fortalece m\u00e1s la presencia de Meriton y dificulta m\u00e1s su salida del club.<br>Estoy convencido de que la afici\u00f3n del vcf es la mayor aliada del m\u00e1ximo accionista.Es inconcebible que acudan 45.000 espectadores a Mestalla, es inconcebible que 35.000 abonados hayan renovado sus pases, y es inaudito que que las tiendas del vcf sigan dando beneficios.<br>Todo eso es lo que fortalece la permanencia de ese se\u00f1or en el vcf y lo que impide su marcha.<br>Solo vaciar Mestalla y minimizar sus beneficios podr\u00eda hacerle reflexionar sobre la idoneidad de su continuidad en este club.<br>Estoy convencido de ello y por eso he dejado de renovar mi abono, no voy a Mestalla, y apenas veo partidos del vcf por TV, por supuesto no compro ni una gorra en las tiendas vcf.<br>En cuanto a Baraja y la marcha del equipo, entiendo que ahora lo politicamente correcto es decir lo que han dicho hoy Ca\u00f1izares y Mista y no cabe otra. Pero estoy de acuerdo en una cosa: queda mucho y 11 cr\u00edos procedentes de 3\u00aa divisi\u00f3n no aguantar\u00e1n toda la temporada. De todas formas quiero recordar que van los novenos y eso no es motivo de orgullo para un Valencia que debe aspirar a luchar por todo cada a\u00f1o. Aunque s\u00ed parece serlo para una afici\u00f3n conformista y sin ambici\u00f3n.<br>Yo, en mi programa de Radio Bu\u00f1ol, cada vez le doy menos cabida al vcf.<br>El desapego y la desafecci\u00f3n me invaden yo no tengo por qu\u00e9 ser pol\u00edticamente correcto aunque en d\u00edas como hoy no quede otra opci\u00f3n y lo entiendo.<br>Yo ayer vi al peor Athletic desde hace muchos a\u00f1os. Este Valencia est\u00e1 formado por chavales j\u00f3venes procedentes de divisiones inferiores que solo saben correr como poyos sin cabeza y, como he dicho anteriormente, no aguantar\u00e1n toda la temporada. La segunda vuelta es dura y llegar\u00e1n lesiones, cansancio y otras circunstancias, Baraja tendr\u00e1 que tirar de fondo de armario, algo de lo que carece.<br>Hablando del Pipo, ha sabido inculcar a los jugadores ilusi\u00f3n, ganas y poco m\u00e1s.<br>Es un entrenador novato que dirige a jugadores novatos y hay que ser realistas, milagros en el f\u00fatbol\u2026pocos y solo a un partido, estos no dan para ganar una Liga.<br>Coincido contigo y con tu visi\u00f3n sobre la situaci\u00f3n del Valencia pero he luchado tanto por este club que me he quemado. El desapego y la desafecci\u00f3n son mis compa\u00f1eros de viaje.<br>Gracias por hacer un programa para adultos ya que la mayor\u00eda de emisoras solo hacen programas para adolescentes olvidando que en la afici\u00f3n del vcf tambi\u00e9n hay gente madura, inteligente y capaz de pensar por s\u00ed misma.<br>Siento no poder colaborar contigo como lo hubiera hecho hace alg\u00fan tiempo pero, como suelo decir, ahora mismo soy un Valencianista en <em>stand bye<\/em>, al menos mientras Lim siga en este club. Y si alguna vez se va me va a costar mucho olvidar tantas decepciones, tanta hipocres\u00eda, y tantas caretas como han ca\u00eddo, pero lo que m\u00e1s me va a costar es el comportamiento de la afici\u00f3n del Valencia y la poca resistencia a la manipulaci\u00f3n, una manipulaci\u00f3n procedente de algunos medios de comunicaci\u00f3n mal llamados Valencianistas, porque lo que esos medios hacen est\u00e1 muy lejos de ayudar al club, lo que ellos hacen se llama destrozar el orgullo, el honor y la ambici\u00f3n de una entidad cuyo objetivo deberia ser luchar por todos los t\u00edtulos y glorificar el escudo.<br>Moratas hay muy pocos.<br>Han hecho del vcf un club peque\u00f1ito y sin ambici\u00f3n.<br>Sigue en la brecha como siempre has hecho, pero con este entorno que rodea al club estoy convencido de que Lim solo se ir\u00e1 cuando \u00e9l quiera irse.<br>Ah, y felicidades por la visi\u00f3n que tienes de los pol\u00edticos Valencianos, a ellos el vcf no les importa en absoluto, solo act\u00faan de la forma m\u00e1s conveniente para sus intereses pol\u00edticos.<br>Te seguir\u00e9 escuchando por qu\u00e9 solo t\u00fa y alguna que otra excepci\u00f3n sois dignos de respeto.<br>Gracias por todo<br>Un abrazo grande.<\/p>\n","protected":false},"excerpt":{"rendered":"<div class=\"mh-excerpt\">Buen programa, Pedro.Excelente exposici\u00f3n del tema del nuevo estadio.Coincido contigo: Peter Lim debe salir del vcf y no hay \u00abconvenio\u00bb que valga, es una verg\u00fcenza que a\u00fan siga dirigiendo los destinos de este club centenario. <a class=\"mh-excerpt-more\" href=\"https:\/\/www.tucomarca.com\/wordpress\/segunda\/opinion-a-bocajarro-carta-a-un-periodista-por-joseh-larrazabal\/\" title=\"Opini\u00f3n: A bocajarro: \u00abCarta a un periodista\u00bb, por J\u00f3seh Larraz\u00e1bal\">[+] <\/a><\/div>\n","protected":false},"author":12,"featured_media":136627,"comment_status":"open","ping_status":"open","sticky":false,"template":"","format":"standard","meta":{"footnotes":""},"categories":[3358,6,8,30,114,3],"tags":[10385,5952,1810],"class_list":{"0":"post-201774","1":"post","2":"type-post","3":"status-publish","4":"format-standard","5":"has-post-thumbnail","7":"category-canal-valencia-cf","8":"category-deportes","9":"category-la-comarca","10":"category-opinion","11":"category-opinion-lectores","12":"category-seccion","13":"tag-bunol","14":"tag-la-hoya-de-bunol-chiva","15":"tag-valencia-cf"},"_links":{"self":[{"href":"https:\/\/www.tucomarca.com\/wordpress\/segunda\/wp-json\/wp\/v2\/posts\/201774","targetHints":{"allow":["GET"]}}],"collection":[{"href":"https:\/\/www.tucomarca.com\/wordpress\/segunda\/wp-json\/wp\/v2\/posts"}],"about":[{"href":"https:\/\/www.tucomarca.com\/wordpress\/segunda\/wp-json\/wp\/v2\/types\/post"}],"author":[{"embeddable":true,"href":"https:\/\/www.tucomarca.com\/wordpress\/segunda\/wp-json\/wp\/v2\/users\/12"}],"replies":[{"embeddable":true,"href":"https:\/\/www.tucomarca.com\/wordpress\/segunda\/wp-json\/wp\/v2\/comments?post=201774"}],"version-history":[{"count":0,"href":"https:\/\/www.tucomarca.com\/wordpress\/segunda\/wp-json\/wp\/v2\/posts\/201774\/revisions"}],"wp:featuredmedia":[{"embeddable":true,"href":"https:\/\/www.tucomarca.com\/wordpress\/segunda\/wp-json\/wp\/v2\/media\/136627"}],"wp:attachment":[{"href":"https:\/\/www.tucomarca.com\/wordpress\/segunda\/wp-json\/wp\/v2\/media?parent=201774"}],"wp:term":[{"taxonomy":"category","embeddable":true,"href":"https:\/\/www.tucomarca.com\/wordpress\/segunda\/wp-json\/wp\/v2\/categories?post=201774"},{"taxonomy":"post_tag","embeddable":true,"href":"https:\/\/www.tucomarca.com\/wordpress\/segunda\/wp-json\/wp\/v2\/tags?post=201774"}],"curies":[{"name":"wp","href":"https:\/\/api.w.org\/{rel}","templated":true}]}}