{"id":201852,"date":"2023-11-01T10:00:00","date_gmt":"2023-11-01T08:00:00","guid":{"rendered":"https:\/\/www.tucomarca.com\/wordpress\/segunda\/?p=201852"},"modified":"2023-11-01T16:16:31","modified_gmt":"2023-11-01T14:16:31","slug":"la-oposicion-psoe-eu-e-iab-justifica-su-abandono-del-pleno-de-bunol-alegando-que-este-no-cumple-la-legalidad","status":"publish","type":"post","link":"https:\/\/www.tucomarca.com\/wordpress\/segunda\/la-oposicion-psoe-eu-e-iab-justifica-su-abandono-del-pleno-de-bunol-alegando-que-este-no-cumple-la-legalidad\/","title":{"rendered":"La oposici\u00f3n (PSOE, EU e IAB) justifica su abandono del pleno de Bu\u00f1ol alegando que \u00e9ste \u00abno cumple la legalidad\u00bb"},"content":{"rendered":"\n<h3 class=\"wp-block-heading\">La oposici\u00f3n en el Ayuntamiento de Bu\u00f1ol (PSOE, EU e IAB) abandona el pleno realizado este martes al considerarlo \u00abilegal\u00bb, y le reprocha al gobierno municipal (PP y XBu\u00f1ol) que no les \u00abinformara de la contrataci\u00f3n de una nueva secretaria\u00bb. Desde la oposici\u00f3n tambi\u00e9n aseguran que el gobierno municipal \u00abprovoca el bloqueo administrativo del Ayuntamiento\u00bb.<\/h3>\n\n\n\n<p>Los seis concejales de PSOE, IAB y EU se han retirado del \u00faltimo pleno ordinario del Ayuntamiento de Bu\u00f1ol, antes de su inicio, en se\u00f1al de protesta por lo que consideran \u00abuna vulneraci\u00f3n de la legalidad, al no haber tenido conocimiento del nombramiento de una nueva secretaria en el Ayuntamiento, ni existir el nombramiento correspondiente por la Direcci\u00f3n General competente pese al intento de tergiversaci\u00f3n de los comentarios de la Alcaldesa\u00bb, seg\u00fan han hecho p\u00fablico en un comunicado conjunto.<\/p>\n\n\n\n<p>\u00abLa funci\u00f3n del secretario en un pleno no es \u00fanicamente la de dar fe sino tambi\u00e9n asesorar, por eso contribuye de alg\u00fan modo a la formaci\u00f3n de la voluntad que puede implicar que se adopten o no ciertos acuerdos\u00bb, han a\u00f1adido.<\/p>\n\n\n\n<p>Los portavoces han solicitado \u00abpoder analizar la documentaci\u00f3n y un receso para que el pleno pudiera realizarse con normalidad, pero la alcaldesa ha reconocido que no ten\u00edan la correspondiente autorizaci\u00f3n que habilita a la secretaria y por tanto el pleno no pod\u00eda celebrar\u00bb, aseguran.<\/p>\n\n\n\n<p>\u00abLa celebraci\u00f3n irregular del pleno ha venido provocada \u00fanica y exclusivamente por una actitud prepotente del gobierno municipal. Lo normal hubiera sido celebrar el pleno con la Secretaria Accidental que hab\u00eda trabajado los expedientes de la convocatoria y haber tramitado con el tiempo necesario el nombramiento de la nueva secretaria o secretario municipal\u00bb.<\/p>\n\n\n\n<p>Seg\u00fan han manifestado los portavoces,&nbsp;\u201ces una ilegalidad y un hecho sin precedentes en 44 a\u00f1os de democracia, que supone una falta de respeto hacia el pleno y vulnera nuestro derecho como representantes de los ciudadanos de Bu\u00f1ol\u201d. Adem\u00e1s a\u00f1aden que&nbsp;\u201cpor su mala gesti\u00f3n han provocado el bloqueo total del Ayuntamiento de Bu\u00f1ol\u201d.<\/p>\n\n\n\n<p>Adem\u00e1s critican que los concejales de XBu\u00f1ol \u00abhayan permanecido en el pleno c\u00f3mplices de esta actuaci\u00f3n que es una muestra de la falta de preparaci\u00f3n del equipo de Gobierno\u201d.<\/p>\n","protected":false},"excerpt":{"rendered":"<div class=\"mh-excerpt\">La oposici\u00f3n en el Ayuntamiento de Bu\u00f1ol (PSOE, EU e IAB) abandona el pleno realizado este martes al considerarlo \u00abilegal\u00bb, y le reprocha al gobierno municipal (PP y XBu\u00f1ol) que no les \u00abinformara de la <a class=\"mh-excerpt-more\" href=\"https:\/\/www.tucomarca.com\/wordpress\/segunda\/la-oposicion-psoe-eu-e-iab-justifica-su-abandono-del-pleno-de-bunol-alegando-que-este-no-cumple-la-legalidad\/\" title=\"La oposici\u00f3n (PSOE, EU e IAB) justifica su abandono del pleno de Bu\u00f1ol alegando que \u00e9ste \u00abno cumple la legalidad\u00bb\">[+] <\/a><\/div>\n","protected":false},"author":1,"featured_media":201844,"comment_status":"open","ping_status":"open","sticky":false,"template":"","format":"standard","meta":{"footnotes":""},"categories":[18,128,8,72,10,142,3,45],"tags":[10385,5952,584],"class_list":{"0":"post-201852","1":"post","2":"type-post","3":"status-publish","4":"format-standard","5":"has-post-thumbnail","7":"category-bunol","8":"category-infraestructuras","9":"category-la-comarca","10":"category-sin-categorizar","11":"category-la-hoya","12":"category-politica-la-comarca","13":"category-seccion","14":"category-ventana","15":"tag-bunol","16":"tag-la-hoya-de-bunol-chiva","17":"tag-pleno"},"_links":{"self":[{"href":"https:\/\/www.tucomarca.com\/wordpress\/segunda\/wp-json\/wp\/v2\/posts\/201852","targetHints":{"allow":["GET"]}}],"collection":[{"href":"https:\/\/www.tucomarca.com\/wordpress\/segunda\/wp-json\/wp\/v2\/posts"}],"about":[{"href":"https:\/\/www.tucomarca.com\/wordpress\/segunda\/wp-json\/wp\/v2\/types\/post"}],"author":[{"embeddable":true,"href":"https:\/\/www.tucomarca.com\/wordpress\/segunda\/wp-json\/wp\/v2\/users\/1"}],"replies":[{"embeddable":true,"href":"https:\/\/www.tucomarca.com\/wordpress\/segunda\/wp-json\/wp\/v2\/comments?post=201852"}],"version-history":[{"count":0,"href":"https:\/\/www.tucomarca.com\/wordpress\/segunda\/wp-json\/wp\/v2\/posts\/201852\/revisions"}],"wp:featuredmedia":[{"embeddable":true,"href":"https:\/\/www.tucomarca.com\/wordpress\/segunda\/wp-json\/wp\/v2\/media\/201844"}],"wp:attachment":[{"href":"https:\/\/www.tucomarca.com\/wordpress\/segunda\/wp-json\/wp\/v2\/media?parent=201852"}],"wp:term":[{"taxonomy":"category","embeddable":true,"href":"https:\/\/www.tucomarca.com\/wordpress\/segunda\/wp-json\/wp\/v2\/categories?post=201852"},{"taxonomy":"post_tag","embeddable":true,"href":"https:\/\/www.tucomarca.com\/wordpress\/segunda\/wp-json\/wp\/v2\/tags?post=201852"}],"curies":[{"name":"wp","href":"https:\/\/api.w.org\/{rel}","templated":true}]}}