{"id":202168,"date":"2023-11-03T14:00:00","date_gmt":"2023-11-03T13:00:00","guid":{"rendered":"https:\/\/www.tucomarca.com\/wordpress\/segunda\/?p=202168"},"modified":"2023-11-04T13:52:39","modified_gmt":"2023-11-04T12:52:39","slug":"la-secretaria-autonomica-de-turismo-visita-utiel-y-destaca-el-potencial-patrimonial-del-municipio","status":"publish","type":"post","link":"https:\/\/www.tucomarca.com\/wordpress\/segunda\/la-secretaria-autonomica-de-turismo-visita-utiel-y-destaca-el-potencial-patrimonial-del-municipio\/","title":{"rendered":"La secretaria auton\u00f3mica de Turismo visita Utiel y destaca el potencial patrimonial del municipio&nbsp;"},"content":{"rendered":"\n<h4 class=\"wp-block-heading\">La responsable auton\u00f3mica, Cristina Moreno, ha visitado el Ayuntamiento de Utiel y ha mantenido una reuni\u00f3n con el alcalde, Ricardo Gabald\u00f3n, para conocer de primera mano los recursos tur\u00edsticos del municipio y coordinar una estrategia de promoci\u00f3n entre ambas administraciones.<\/h4>\n\n\n\n<p>La secretaria auton\u00f3mica de Turismo, Cristina Moreno, se reun\u00eda con el alcalde de Utiel, Ricardo Gabald\u00f3n y el concejal de turismo, Rub\u00e9n Murcia junto con responsables municipales para evaluar futuras acciones y proyectos de promoci\u00f3n tur\u00edstica del municipio.<\/p>\n\n\n\n<p>La responsable auton\u00f3mica visit\u00f3 las bodegas subterr\u00e1neas, el refugio y el museo municipal y recorri\u00f3 el casco hist\u00f3rico de Utiel para conocer de primera mano la red de recursos tur\u00edsticos que ofrece la ciudad y planificar futuros proyectos promocionales con el apoyo de la Generalitat Valenciana.&nbsp;<\/p>\n\n\n\n<p>La responsable auton\u00f3mica destac\u00f3 el gran potencial patrimonial del municipio y remarc\u00f3 la importancia de incorporar la singularidad de los atractivos del municipio en las ofertas tur\u00edsticas.<\/p>\n\n\n\n<p>\u201cSin duda, el rico patrimonio subterr\u00e1neo que alberga Utiel es uno de los recursos distintivos de la localidad y si lo ofertamos con un paquete conjunto que incluya propuestas novedosas con planes vinculados a naturaleza, deporte y gastronom\u00eda, donde Utiel tiene tambi\u00e9n mucho que ofrecer, el reclamo tur\u00edstico ser\u00e1 exponencial\u201d destacaba la secretaria Auton\u00f3mica de Turismo, Cristina Moreno.<\/p>\n\n\n\n<p>El alcalde de Utiel, Ricardo Gabald\u00f3n, acompa\u00f1\u00f3 a la secretaria auton\u00f3mica, Cristina Moreno, durante el recorrido guiado por el municipio y le traslad\u00f3 el especial inter\u00e9s del Ayuntamiento de Utiel en promocionar y poner en valor los atractivos de la ciudad a trav\u00e9s la cartera de oportunidades que ofrece Turisme Comunidad Valenciana&nbsp;<\/p>\n\n\n\n<p>\u201cUno de los proyectos de futuro que nos gustar\u00eda alcanzar ser\u00eda la denominaci\u00f3n de municipio tur\u00edstico de la Comunidad Valenciana Utiel es un destino tur\u00edstico de interior con una gran diversidad de recursos tur\u00edsticos tanto desde la vertiente patrimonial e hist\u00f3rica, como la cultural, festiva, gastron\u00f3mica y natural que lo convierten en un destino singular y \u00fanico\u201d apunt\u00f3 el alcalde de Utiel, Ricardo Gabald\u00f3n.<\/p>\n\n\n\n<p>La Oficina de Turismo de Utiel, contin\u00faa promoviendo su marca tur\u00edstica \u201cUtiel en tu Interior\u201d y ofrece visitas guiadas todos los d\u00edas del a\u00f1o y recientemente ha puesto en marcha la venta online de tickets para facilitar las reservas a los visitantes.<\/p>\n","protected":false},"excerpt":{"rendered":"<div class=\"mh-excerpt\">La responsable auton\u00f3mica, Cristina Moreno, ha visitado el Ayuntamiento de Utiel y ha mantenido una reuni\u00f3n con el alcalde, Ricardo Gabald\u00f3n, para conocer de primera mano los recursos tur\u00edsticos del municipio y coordinar una estrategia <a class=\"mh-excerpt-more\" href=\"https:\/\/www.tucomarca.com\/wordpress\/segunda\/la-secretaria-autonomica-de-turismo-visita-utiel-y-destaca-el-potencial-patrimonial-del-municipio\/\" title=\"La secretaria auton\u00f3mica de Turismo visita Utiel y destaca el potencial patrimonial del municipio&nbsp;\">[+] <\/a><\/div>\n","protected":false},"author":12,"featured_media":202170,"comment_status":"open","ping_status":"open","sticky":false,"template":"","format":"standard","meta":{"footnotes":""},"categories":[8,142,27,3,29],"tags":[10387,10389],"class_list":{"0":"post-202168","1":"post","2":"type-post","3":"status-publish","4":"format-standard","5":"has-post-thumbnail","7":"category-la-comarca","8":"category-politica-la-comarca","9":"category-requena-utiel","10":"category-seccion","11":"category-utiel","12":"tag-requena-utiel","13":"tag-utiel"},"_links":{"self":[{"href":"https:\/\/www.tucomarca.com\/wordpress\/segunda\/wp-json\/wp\/v2\/posts\/202168","targetHints":{"allow":["GET"]}}],"collection":[{"href":"https:\/\/www.tucomarca.com\/wordpress\/segunda\/wp-json\/wp\/v2\/posts"}],"about":[{"href":"https:\/\/www.tucomarca.com\/wordpress\/segunda\/wp-json\/wp\/v2\/types\/post"}],"author":[{"embeddable":true,"href":"https:\/\/www.tucomarca.com\/wordpress\/segunda\/wp-json\/wp\/v2\/users\/12"}],"replies":[{"embeddable":true,"href":"https:\/\/www.tucomarca.com\/wordpress\/segunda\/wp-json\/wp\/v2\/comments?post=202168"}],"version-history":[{"count":0,"href":"https:\/\/www.tucomarca.com\/wordpress\/segunda\/wp-json\/wp\/v2\/posts\/202168\/revisions"}],"wp:featuredmedia":[{"embeddable":true,"href":"https:\/\/www.tucomarca.com\/wordpress\/segunda\/wp-json\/wp\/v2\/media\/202170"}],"wp:attachment":[{"href":"https:\/\/www.tucomarca.com\/wordpress\/segunda\/wp-json\/wp\/v2\/media?parent=202168"}],"wp:term":[{"taxonomy":"category","embeddable":true,"href":"https:\/\/www.tucomarca.com\/wordpress\/segunda\/wp-json\/wp\/v2\/categories?post=202168"},{"taxonomy":"post_tag","embeddable":true,"href":"https:\/\/www.tucomarca.com\/wordpress\/segunda\/wp-json\/wp\/v2\/tags?post=202168"}],"curies":[{"name":"wp","href":"https:\/\/api.w.org\/{rel}","templated":true}]}}