{"id":2024,"date":"2012-05-18T16:06:23","date_gmt":"2012-05-18T15:06:23","guid":{"rendered":"http:\/\/www.tucomarca.com\/wordpress\/segunda\/?p=2024"},"modified":"2012-05-18T16:19:44","modified_gmt":"2012-05-18T15:19:44","slug":"la-cv-379-quedara-cortada-al-trafico-a-partir-del-21-de-mayo-por-las-obras-del-paso-a-nivel-de-vista-alegre","status":"publish","type":"post","link":"https:\/\/www.tucomarca.com\/wordpress\/segunda\/la-cv-379-quedara-cortada-al-trafico-a-partir-del-21-de-mayo-por-las-obras-del-paso-a-nivel-de-vista-alegre\/","title":{"rendered":"La CV-379 quedar\u00e1 cortada al tr\u00e1fico a partir del 21 de mayo por las obras del paso a nivel de Vista Alegre en Chiva"},"content":{"rendered":"<figure id=\"attachment_2025\" aria-describedby=\"caption-attachment-2025\" style=\"width: 300px\" class=\"wp-caption alignleft\"><a rel=\"attachment wp-att-2025\" href=\"https:\/\/www.tucomarca.com\/wordpress\/segunda\/?attachment_id=2025\"><img loading=\"lazy\" decoding=\"async\" class=\"size-medium wp-image-2025\" src=\"https:\/\/www.tucomarca.com\/wordpress\/segunda\/wp-content\/uploads\/2012\/05\/Desvio-Provisional-corte-CV-379red-300x212.jpg\" alt=\"Desv\u00edo provisional habilitado. tc.c\" width=\"300\" height=\"212\" \/><\/a><figcaption id=\"caption-attachment-2025\" class=\"wp-caption-text\">Desv\u00edo provisional habilitado. tc.c<\/figcaption><\/figure>\n<p>La CV-379 quedar\u00e1 cortada al tr\u00e1fico a partir del lunes 21 de mayo con motivo de las obras de supresi\u00f3n del paso a nivel de Vista Alegre. Se estima que el per\u00edodo de tiempo durante el cual no se podr\u00e1 transitar por este tramo ser\u00e1 de aproximadamente 2 meses.<\/p>\n<p>Durante este per\u00edodo, se establecer\u00e1 un desv\u00edo provisional del tr\u00e1fico de la CV-379 a trav\u00e9s del casco urbano de Chiva, quedando prohibido el paso de veh\u00edculos pesados por el centro del municipio.<\/p>\n<p>Con el fin de facilitar a los conductores la utilizaci\u00f3n de esta nueva v\u00eda alternativa y garantizar su seguridad, la zona quedar\u00e1 perfectamente se\u00f1alizada durante el per\u00edodo que duren las obras.<\/p>\n<p>&nbsp;<\/p>\n<p>Ver plano para conocer el desv\u00edo habilitado.<\/p>\n","protected":false},"excerpt":{"rendered":"<div class=\"mh-excerpt\">La CV-379 quedar\u00e1 cortada al tr\u00e1fico a partir del lunes 21 de mayo con motivo de las obras de supresi\u00f3n del paso a nivel de Vista Alegre. Se estima que el per\u00edodo de tiempo durante <a class=\"mh-excerpt-more\" href=\"https:\/\/www.tucomarca.com\/wordpress\/segunda\/la-cv-379-quedara-cortada-al-trafico-a-partir-del-21-de-mayo-por-las-obras-del-paso-a-nivel-de-vista-alegre\/\" title=\"La CV-379 quedar\u00e1 cortada al tr\u00e1fico a partir del 21 de mayo por las obras del paso a nivel de Vista Alegre en Chiva\">[+] <\/a><\/div>\n","protected":false},"author":2,"featured_media":2038,"comment_status":"open","ping_status":"open","sticky":false,"template":"","format":"standard","meta":{"footnotes":""},"categories":[16,8,10,3,45],"tags":[215],"class_list":{"0":"post-2024","1":"post","2":"type-post","3":"status-publish","4":"format-standard","5":"has-post-thumbnail","7":"category-chiva","8":"category-la-comarca","9":"category-la-hoya","10":"category-seccion","11":"category-ventana","12":"tag-desvio"},"_links":{"self":[{"href":"https:\/\/www.tucomarca.com\/wordpress\/segunda\/wp-json\/wp\/v2\/posts\/2024","targetHints":{"allow":["GET"]}}],"collection":[{"href":"https:\/\/www.tucomarca.com\/wordpress\/segunda\/wp-json\/wp\/v2\/posts"}],"about":[{"href":"https:\/\/www.tucomarca.com\/wordpress\/segunda\/wp-json\/wp\/v2\/types\/post"}],"author":[{"embeddable":true,"href":"https:\/\/www.tucomarca.com\/wordpress\/segunda\/wp-json\/wp\/v2\/users\/2"}],"replies":[{"embeddable":true,"href":"https:\/\/www.tucomarca.com\/wordpress\/segunda\/wp-json\/wp\/v2\/comments?post=2024"}],"version-history":[{"count":0,"href":"https:\/\/www.tucomarca.com\/wordpress\/segunda\/wp-json\/wp\/v2\/posts\/2024\/revisions"}],"wp:featuredmedia":[{"embeddable":true,"href":"https:\/\/www.tucomarca.com\/wordpress\/segunda\/wp-json\/wp\/v2\/media\/2038"}],"wp:attachment":[{"href":"https:\/\/www.tucomarca.com\/wordpress\/segunda\/wp-json\/wp\/v2\/media?parent=2024"}],"wp:term":[{"taxonomy":"category","embeddable":true,"href":"https:\/\/www.tucomarca.com\/wordpress\/segunda\/wp-json\/wp\/v2\/categories?post=2024"},{"taxonomy":"post_tag","embeddable":true,"href":"https:\/\/www.tucomarca.com\/wordpress\/segunda\/wp-json\/wp\/v2\/tags?post=2024"}],"curies":[{"name":"wp","href":"https:\/\/api.w.org\/{rel}","templated":true}]}}