{"id":203065,"date":"2023-11-20T09:30:00","date_gmt":"2023-11-20T08:30:00","guid":{"rendered":"https:\/\/www.tucomarca.com\/wordpress\/segunda\/?p=203065"},"modified":"2023-11-20T20:10:51","modified_gmt":"2023-11-20T19:10:51","slug":"la-banda-juvenil-de-la-sociedad-musical-la-artistica-de-chiva-celebra-santa-cecilia","status":"publish","type":"post","link":"https:\/\/www.tucomarca.com\/wordpress\/segunda\/la-banda-juvenil-de-la-sociedad-musical-la-artistica-de-chiva-celebra-santa-cecilia\/","title":{"rendered":"La Banda Juvenil de la Sociedad Musical \u201cLa Art\u00edstica de Chiva\u201d celebra Santa Cecilia"},"content":{"rendered":"\n<p>La Banda Juvenil de la Sociedad Musical \u201cLa Art\u00edstica de Chiva\u201d, celebr\u00f3 este pasado domingo, d\u00eda 19 de este mes de noviembre, su particular celebraci\u00f3n de la festividad de Santa Cecilia con un extraordinario concierto. Dirigidos por su director Vicente Reche Ruiz interpretaron obras de J. Aparicio Peir\u00f3. P. Sparke. John Edmondson. R. W. Smith. Klaus Badelt y Oscar Navarro. Pero lo m\u00e1s importante fue la incorporaci\u00f3n a la Banda Juvenil de cuatro j\u00f3venes m\u00fasicos, (3 chicas y 1 chico) que pasaron de la banda escolar a esta juvenil.<\/p>\n\n\n\n<p>Para ellos ha sido un d\u00eda muy especial pues supone el haber alcanzado una de sus metas. Supone que el esfuerzo en el estudio de solfeo e instrumento va siendo recompensado, y aunque formar parte de la Banda Juvenil es m\u00e1s responsabilidad, m\u00e1s ensayos, etc., son conscientes del importante cambio que ello significa.<\/p>\n\n\n\n<p>Por la ma\u00f1ana est\u00e1n nerviosos esperando que la Banda Juvenil con su Director al frente, Presidente de la Sociedad, miembros de la Directiva y amigos pasen a recogerles. Ponerse delante de todos ellos y en pasacalle por la poblaci\u00f3n ir hasta la Casa de la M\u00fasica, donde son recibidos con el aplauso de todos los congregados para asistir al concierto. Ya con todos los que van a ser sus nuevos compa\u00f1eros en el escenario, esperan a ser llamados para recorrer el pasillo de la sala de audiciones, con algo de verg\u00fcenza al ser observados y nuevamente aplaudidos, subir al escenario donde le espera el Presidente de la Sociedad y su profesor de instrumento que le har\u00e1 entrega oficial del mismo, y despu\u00e9s de las fotos de rigor pasar a ocupar su sitio en la Banda juvenil.<\/p>\n\n\n\n<p>Para <strong>Beatriz, Carmen, Daniel y Mayra<\/strong> este ha sido un d\u00eda especial que posiblemente recordar\u00e1n con mucho cari\u00f1o y se sentir\u00e1n muy orgullosos de \u00e9l, pues todo les ha hecho sentirse la persona m\u00e1s importante de la m\u00fasica en Chiva.<\/p>\n","protected":false},"excerpt":{"rendered":"<div class=\"mh-excerpt\">La Banda Juvenil de la Sociedad Musical \u201cLa Art\u00edstica de Chiva\u201d, celebr\u00f3 este pasado domingo, d\u00eda 19 de este mes de noviembre, su particular celebraci\u00f3n de la festividad de Santa Cecilia con un extraordinario concierto. <a class=\"mh-excerpt-more\" href=\"https:\/\/www.tucomarca.com\/wordpress\/segunda\/la-banda-juvenil-de-la-sociedad-musical-la-artistica-de-chiva-celebra-santa-cecilia\/\" title=\"La Banda Juvenil de la Sociedad Musical \u201cLa Art\u00edstica de Chiva\u201d celebra Santa Cecilia\">[+] <\/a><\/div>\n","protected":false},"author":12,"featured_media":203067,"comment_status":"open","ping_status":"open","sticky":false,"template":"","format":"standard","meta":{"footnotes":""},"categories":[66,16,8,10,7,3],"tags":[2264,5952,528,14186],"class_list":{"0":"post-203065","1":"post","2":"type-post","3":"status-publish","4":"format-standard","5":"has-post-thumbnail","7":"category-musica","8":"category-chiva","9":"category-la-comarca","10":"category-la-hoya","11":"category-ocio-y-cultura","12":"category-seccion","13":"tag-banda-juvenil","14":"tag-la-hoya-de-bunol-chiva","15":"tag-santa-cecilia","16":"tag-sm-la-artistica-de-chiva-2"},"_links":{"self":[{"href":"https:\/\/www.tucomarca.com\/wordpress\/segunda\/wp-json\/wp\/v2\/posts\/203065","targetHints":{"allow":["GET"]}}],"collection":[{"href":"https:\/\/www.tucomarca.com\/wordpress\/segunda\/wp-json\/wp\/v2\/posts"}],"about":[{"href":"https:\/\/www.tucomarca.com\/wordpress\/segunda\/wp-json\/wp\/v2\/types\/post"}],"author":[{"embeddable":true,"href":"https:\/\/www.tucomarca.com\/wordpress\/segunda\/wp-json\/wp\/v2\/users\/12"}],"replies":[{"embeddable":true,"href":"https:\/\/www.tucomarca.com\/wordpress\/segunda\/wp-json\/wp\/v2\/comments?post=203065"}],"version-history":[{"count":0,"href":"https:\/\/www.tucomarca.com\/wordpress\/segunda\/wp-json\/wp\/v2\/posts\/203065\/revisions"}],"wp:featuredmedia":[{"embeddable":true,"href":"https:\/\/www.tucomarca.com\/wordpress\/segunda\/wp-json\/wp\/v2\/media\/203067"}],"wp:attachment":[{"href":"https:\/\/www.tucomarca.com\/wordpress\/segunda\/wp-json\/wp\/v2\/media?parent=203065"}],"wp:term":[{"taxonomy":"category","embeddable":true,"href":"https:\/\/www.tucomarca.com\/wordpress\/segunda\/wp-json\/wp\/v2\/categories?post=203065"},{"taxonomy":"post_tag","embeddable":true,"href":"https:\/\/www.tucomarca.com\/wordpress\/segunda\/wp-json\/wp\/v2\/tags?post=203065"}],"curies":[{"name":"wp","href":"https:\/\/api.w.org\/{rel}","templated":true}]}}