{"id":203071,"date":"2023-11-19T12:00:00","date_gmt":"2023-11-19T11:00:00","guid":{"rendered":"https:\/\/www.tucomarca.com\/wordpress\/segunda\/?p=203071"},"modified":"2023-11-20T19:32:58","modified_gmt":"2023-11-20T18:32:58","slug":"la-diputacio-de-valencia-otorga-el-reconeixement-de-la-cultura-2023-al-municipio-de-alpuente-y-a-su-museo-etnologico","status":"publish","type":"post","link":"https:\/\/www.tucomarca.com\/wordpress\/segunda\/la-diputacio-de-valencia-otorga-el-reconeixement-de-la-cultura-2023-al-municipio-de-alpuente-y-a-su-museo-etnologico\/","title":{"rendered":"La Diputaci\u00f3 de Val\u00e8ncia otorga el \u2018Reconeixement de la cultura 2023\u2019 al municipio de Alpuente y a su Museo Etnol\u00f3gico"},"content":{"rendered":"\n<h4 class=\"wp-block-heading\">El \u00e1rea de Cultura de la corporaci\u00f3n provincial reconoce la implicaci\u00f3n del municipio en la investigaci\u00f3n y recuperaci\u00f3n del patrimonio etnol\u00f3gico de la comarca as\u00ed como su trabajo de divulgaci\u00f3n de su patrimonio a trav\u00e9s de su museo etnol\u00f3gico<\/h4>\n\n\n\n<p>El \u00c1rea de Cultura de la Diputaci\u00f3 de Val\u00e8ncia, a trav\u00e9s de L\u2019ETNO, Museu Valenci\u00e0 d&#8217;Etnologia, ha otorgado el premio \u2018Reconeixement de la cultura 2023\u2019 al municipio y museo municipal de Alpuente por su trabajo en la divulgaci\u00f3n del patrimonio etnol\u00f3gico.&nbsp;<\/p>\n\n\n\n<p>El diputado de Cultura, Paco Teruel, que ha sido el encargado de entregar el premio en un acto celebrado en el ayuntamiento, ha se\u00f1alado que \u201cAlpuente ha mostrado su compromiso con el patrimonio hist\u00f3rico, y esta especial preocupaci\u00f3n por el patrimonio cultural tambi\u00e9n se observa en el patrimonio etnol\u00f3gico, convirti\u00e9ndolo en merecedor de esta distinci\u00f3n\u201d.<\/p>\n\n\n\n<p>Por su parte, la alcaldesa de Alpuente, Itziar M\u00e9ndez, ha se\u00f1alado que este reconocimiento es \u201cpara todos los vecinos que han sabido conservar y divulgar todo aquello que les identifica\u201d. En este sentido, ha apuntado que \u201cno se trata de preservar y congelar piezas en un espacio, sino lo que nos puede ense\u00f1ar e inspirar para nuestro presente y futuro\u201d.<\/p>\n\n\n\n<p>Mediante este reconocimiento, L\u2019ETNO destaca la longeva y s\u00f3lida implicaci\u00f3n del municipio en la investigaci\u00f3n y recuperaci\u00f3n del patrimonio etnol\u00f3gico de la comarca, y es que una parte importante de la colecci\u00f3n atesorada fue documentada y recuperada desde este municipio. Este trabajo sigue realiz\u00e1ndose en la actualidad a trav\u00e9s de un proyecto de investigaci\u00f3n en La Torre, aldea de Alpuente.&nbsp;<\/p>\n\n\n\n<p>Asimismo, Alpuente ha divulgado en los \u00faltimos a\u00f1os su patrimonio a trav\u00e9s de la renovaci\u00f3n de su Museo Etnol\u00f3gico, ubicado en un antiguo horno medieval del siglo XIV, en colaboraci\u00f3n con L\u2019ETNO, y ha hecho part\u00edcipes a los vecinos y vecinas del municipio de este proceso de renovaci\u00f3n a trav\u00e9s de aportaciones de materiales as\u00ed como en la elaboraci\u00f3n de contenidos. Este trabajo culminar\u00e1 con la edici\u00f3n del cat\u00e1logo de patrimonio etnol\u00f3gico del museo.<\/p>\n\n\n\n<p>Esta labor no se ci\u00f1e \u00fanicamente al museo. El municipio realiza un gran trabajo cultural de conservaci\u00f3n del patrimonio documental y gr\u00e1fico que se acompa\u00f1a con la organizaci\u00f3n, con car\u00e1cter anual, de las Jornadas Etnol\u00f3gicas, en las que participa vecindario del municipio, y que tienen por objetivo mostrar, de forma l\u00fadica, las formas de vida tradicionales de esta villa.&nbsp;<\/p>\n\n\n\n<p>Por otro lado, Alpuente ha sido pionero en la difusi\u00f3n del patrimonio paleontol\u00f3gico valenciano. El ayuntamiento cre\u00f3 un museo paleontol\u00f3gico e incentiva los proyectos de investigaci\u00f3n y restauraci\u00f3n en este campo.<\/p>\n","protected":false},"excerpt":{"rendered":"<div class=\"mh-excerpt\">El \u00e1rea de Cultura de la corporaci\u00f3n provincial reconoce la implicaci\u00f3n del municipio en la investigaci\u00f3n y recuperaci\u00f3n del patrimonio etnol\u00f3gico de la comarca as\u00ed como su trabajo de divulgaci\u00f3n de su patrimonio a trav\u00e9s <a class=\"mh-excerpt-more\" href=\"https:\/\/www.tucomarca.com\/wordpress\/segunda\/la-diputacio-de-valencia-otorga-el-reconeixement-de-la-cultura-2023-al-municipio-de-alpuente-y-a-su-museo-etnologico\/\" title=\"La Diputaci\u00f3 de Val\u00e8ncia otorga el \u2018Reconeixement de la cultura 2023\u2019 al municipio de Alpuente y a su Museo Etnol\u00f3gico\">[+] <\/a><\/div>\n","protected":false},"author":12,"featured_media":203073,"comment_status":"open","ping_status":"open","sticky":false,"template":"","format":"standard","meta":{"footnotes":""},"categories":[198,8,59,7,142,3,45],"tags":[3677,3912,10400],"class_list":{"0":"post-203071","1":"post","2":"type-post","3":"status-publish","4":"format-standard","5":"has-post-thumbnail","7":"category-alpuente","8":"category-la-comarca","9":"category-los-serranos","10":"category-ocio-y-cultura","11":"category-politica-la-comarca","12":"category-seccion","13":"category-ventana","14":"tag-diputacio-de-valencia","15":"tag-la-serrania","16":"tag-los-serranos"},"_links":{"self":[{"href":"https:\/\/www.tucomarca.com\/wordpress\/segunda\/wp-json\/wp\/v2\/posts\/203071","targetHints":{"allow":["GET"]}}],"collection":[{"href":"https:\/\/www.tucomarca.com\/wordpress\/segunda\/wp-json\/wp\/v2\/posts"}],"about":[{"href":"https:\/\/www.tucomarca.com\/wordpress\/segunda\/wp-json\/wp\/v2\/types\/post"}],"author":[{"embeddable":true,"href":"https:\/\/www.tucomarca.com\/wordpress\/segunda\/wp-json\/wp\/v2\/users\/12"}],"replies":[{"embeddable":true,"href":"https:\/\/www.tucomarca.com\/wordpress\/segunda\/wp-json\/wp\/v2\/comments?post=203071"}],"version-history":[{"count":0,"href":"https:\/\/www.tucomarca.com\/wordpress\/segunda\/wp-json\/wp\/v2\/posts\/203071\/revisions"}],"wp:featuredmedia":[{"embeddable":true,"href":"https:\/\/www.tucomarca.com\/wordpress\/segunda\/wp-json\/wp\/v2\/media\/203073"}],"wp:attachment":[{"href":"https:\/\/www.tucomarca.com\/wordpress\/segunda\/wp-json\/wp\/v2\/media?parent=203071"}],"wp:term":[{"taxonomy":"category","embeddable":true,"href":"https:\/\/www.tucomarca.com\/wordpress\/segunda\/wp-json\/wp\/v2\/categories?post=203071"},{"taxonomy":"post_tag","embeddable":true,"href":"https:\/\/www.tucomarca.com\/wordpress\/segunda\/wp-json\/wp\/v2\/tags?post=203071"}],"curies":[{"name":"wp","href":"https:\/\/api.w.org\/{rel}","templated":true}]}}