{"id":203403,"date":"2023-11-22T17:00:00","date_gmt":"2023-11-22T16:00:00","guid":{"rendered":"https:\/\/www.tucomarca.com\/wordpress\/segunda\/?p=203403"},"modified":"2023-11-22T19:23:26","modified_gmt":"2023-11-22T18:23:26","slug":"carlos-mazon-felicita-a-jaume-masia-por-llevar-a-la-comunitat-valenciana-al-podium-mundial","status":"publish","type":"post","link":"https:\/\/www.tucomarca.com\/wordpress\/segunda\/carlos-mazon-felicita-a-jaume-masia-por-llevar-a-la-comunitat-valenciana-al-podium-mundial\/","title":{"rendered":"Carlos Maz\u00f3n felicita a Jaume Masi\u00e0 por llevar a la Comunitat Valenciana al p\u00f3dium mundial\u00a0"},"content":{"rendered":"\n<h3 class=\"wp-block-heading\">Carlos Maz\u00f3n recibe al piloto de Algemes\u00ed campe\u00f3n del mundo de Moto 3, Jaume Masi\u00e0.<\/h3>\n\n\n\n<p>El president de la Generalitat, Carlos Maz\u00f3n, ha recibido a Jaume Masi\u00e0, recientemente proclamado campe\u00f3n del Mundo de Moto3, tras su victoria en el Gran Premio de Catar.&nbsp;<\/p>\n\n\n\n<p>El president, tras felicitar a Masi\u00e0 por llevar a la Comunitat Valenciana al p\u00f3dium mundial y por \u201cobsequiarnos con su valencian\u00eda\u201d, ha destacado que este fin de semana, \u201cva a correr aqu\u00ed, en el Circuito de Cheste, para que lo disfrutemos todav\u00eda mucho m\u00e1s\u201d.&nbsp;<\/p>\n\n\n\n<p>Para el president Carlos Maz\u00f3n, \u201ces un honor recibir a alguien que est\u00e1 fomentando el deporte, que es una referencia para muchos j\u00f3venes en una modalidad deportiva que puede ser una de las m\u00e1s valencianas que hay. Uno de los deportes que m\u00e1s quiere la Comunitat Valenciana\u201d.<\/p>\n\n\n\n<p>En este sentido, ha a\u00f1adido que \u201ctenemos que seguir trabajando para que las vocaciones se sigan despertando\u201d y ha destacado \u201cel apoyo que se est\u00e1 dando desde el \u00e1rea de Deportes al sector en general, y a nuestros deportes en particular, entre los que destaca el motociclismo\u201d.<\/p>\n\n\n\n<p>Por \u00faltimo, Maz\u00f3n ha transmitido a Jaume Masi\u00e0 la enhorabuena y le ha dado la bienvenida, \u201ctiene todo el futuro por delante y todo el orgullo de su tierra\u201d, ha agregado. &nbsp;<\/p>\n\n\n\n<p>Por su parte, el piloto de Algemes\u00ed le ha regalado al president de la Generalitat un casco suyo firmado. &nbsp;Al encuentro ha asistido tambi\u00e9n el vicepresidente primero y conseller de Cultura y Deporte, Vicente Barrera.<\/p>\n\n\n\n<p>Masi\u00e0 es el quinto piloto valenciano que gana un t\u00edtulo mundial de motociclismo.&nbsp;<\/p>\n\n\n\n<p>El piloto se une a la lista de leyendas que abri\u00f3 Ricardo Tormo en 1978 y 1981, que ampli\u00f3 Jorge Mart\u00ednez Aspar con cuatro t\u00edtulos en 1986, 1987 y 1988, este \u00faltimo a\u00f1o en dos categor\u00edas. Y continu\u00f3 con Manuel Champi Herreros en 1989 y finalmente Nico Terol, que consigui\u00f3 el \u00faltimo t\u00edtulo de la historia de 125cc en 2011.<\/p>\n\n\n\n<figure class=\"wp-block-gallery has-nested-images columns-default is-cropped wp-block-gallery-1 is-layout-flex wp-block-gallery-is-layout-flex\">\n<figure class=\"wp-block-image size-large\"><img loading=\"lazy\" decoding=\"async\" width=\"1181\" height=\"788\" data-id=\"203407\" src=\"https:\/\/www.tucomarca.com\/wordpress\/segunda\/wp-content\/uploads\/2023\/11\/MazonMasia1.jpg\" alt=\"\" class=\"wp-image-203407\" srcset=\"https:\/\/www.tucomarca.com\/wordpress\/segunda\/wp-content\/uploads\/2023\/11\/MazonMasia1.jpg 1181w, https:\/\/www.tucomarca.com\/wordpress\/segunda\/wp-content\/uploads\/2023\/11\/MazonMasia1-300x200.jpg 300w, https:\/\/www.tucomarca.com\/wordpress\/segunda\/wp-content\/uploads\/2023\/11\/MazonMasia1-1024x683.jpg 1024w, https:\/\/www.tucomarca.com\/wordpress\/segunda\/wp-content\/uploads\/2023\/11\/MazonMasia1-768x512.jpg 768w\" sizes=\"auto, (max-width: 1181px) 100vw, 1181px\" \/><\/figure>\n\n\n\n<figure class=\"wp-block-image size-large\"><img loading=\"lazy\" decoding=\"async\" width=\"1181\" height=\"788\" data-id=\"203411\" src=\"https:\/\/www.tucomarca.com\/wordpress\/segunda\/wp-content\/uploads\/2023\/11\/MazonMasia3.jpg\" alt=\"\" class=\"wp-image-203411\" srcset=\"https:\/\/www.tucomarca.com\/wordpress\/segunda\/wp-content\/uploads\/2023\/11\/MazonMasia3.jpg 1181w, https:\/\/www.tucomarca.com\/wordpress\/segunda\/wp-content\/uploads\/2023\/11\/MazonMasia3-300x200.jpg 300w, https:\/\/www.tucomarca.com\/wordpress\/segunda\/wp-content\/uploads\/2023\/11\/MazonMasia3-1024x683.jpg 1024w, https:\/\/www.tucomarca.com\/wordpress\/segunda\/wp-content\/uploads\/2023\/11\/MazonMasia3-768x512.jpg 768w\" sizes=\"auto, (max-width: 1181px) 100vw, 1181px\" \/><\/figure>\n\n\n\n<figure class=\"wp-block-image size-large\"><img loading=\"lazy\" decoding=\"async\" width=\"1181\" height=\"788\" data-id=\"203413\" src=\"https:\/\/www.tucomarca.com\/wordpress\/segunda\/wp-content\/uploads\/2023\/11\/MazonMasia4.jpg\" alt=\"\" class=\"wp-image-203413\" srcset=\"https:\/\/www.tucomarca.com\/wordpress\/segunda\/wp-content\/uploads\/2023\/11\/MazonMasia4.jpg 1181w, https:\/\/www.tucomarca.com\/wordpress\/segunda\/wp-content\/uploads\/2023\/11\/MazonMasia4-300x200.jpg 300w, https:\/\/www.tucomarca.com\/wordpress\/segunda\/wp-content\/uploads\/2023\/11\/MazonMasia4-1024x683.jpg 1024w, https:\/\/www.tucomarca.com\/wordpress\/segunda\/wp-content\/uploads\/2023\/11\/MazonMasia4-768x512.jpg 768w\" sizes=\"auto, (max-width: 1181px) 100vw, 1181px\" \/><\/figure>\n\n\n\n<figure class=\"wp-block-image size-large\"><img loading=\"lazy\" decoding=\"async\" width=\"1181\" height=\"788\" data-id=\"203409\" src=\"https:\/\/www.tucomarca.com\/wordpress\/segunda\/wp-content\/uploads\/2023\/11\/MazonMasia2.jpg\" alt=\"\" class=\"wp-image-203409\" srcset=\"https:\/\/www.tucomarca.com\/wordpress\/segunda\/wp-content\/uploads\/2023\/11\/MazonMasia2.jpg 1181w, https:\/\/www.tucomarca.com\/wordpress\/segunda\/wp-content\/uploads\/2023\/11\/MazonMasia2-300x200.jpg 300w, https:\/\/www.tucomarca.com\/wordpress\/segunda\/wp-content\/uploads\/2023\/11\/MazonMasia2-1024x683.jpg 1024w, https:\/\/www.tucomarca.com\/wordpress\/segunda\/wp-content\/uploads\/2023\/11\/MazonMasia2-768x512.jpg 768w\" sizes=\"auto, (max-width: 1181px) 100vw, 1181px\" \/><\/figure>\n<\/figure>\n","protected":false},"excerpt":{"rendered":"<div class=\"mh-excerpt\">Carlos Maz\u00f3n recibe al piloto de Algemes\u00ed campe\u00f3n del mundo de Moto 3, Jaume Masi\u00e0. El president de la Generalitat, Carlos Maz\u00f3n, ha recibido a Jaume Masi\u00e0, recientemente proclamado campe\u00f3n del Mundo de Moto3, tras <a class=\"mh-excerpt-more\" href=\"https:\/\/www.tucomarca.com\/wordpress\/segunda\/carlos-mazon-felicita-a-jaume-masia-por-llevar-a-la-comunitat-valenciana-al-podium-mundial\/\" title=\"Carlos Maz\u00f3n felicita a Jaume Masi\u00e0 por llevar a la Comunitat Valenciana al p\u00f3dium mundial\u00a0\">[+] <\/a><\/div>\n","protected":false},"author":1,"featured_media":203413,"comment_status":"open","ping_status":"open","sticky":false,"template":"","format":"gallery","meta":{"footnotes":""},"categories":[99,6,8,72,42,91,142,3,45],"tags":[10409,10379,3640],"class_list":{"0":"post-203403","1":"post","2":"type-post","3":"status-publish","4":"format-gallery","5":"has-post-thumbnail","7":"category-algemesi","8":"category-deportes","9":"category-la-comarca","10":"category-sin-categorizar","11":"category-la-ribera","12":"category-motociclismo","13":"category-politica-la-comarca","14":"category-seccion","15":"category-ventana","16":"tag-algemesi","17":"tag-deportes","18":"tag-la-ribera-alta","19":"post_format-post-format-gallery"},"_links":{"self":[{"href":"https:\/\/www.tucomarca.com\/wordpress\/segunda\/wp-json\/wp\/v2\/posts\/203403","targetHints":{"allow":["GET"]}}],"collection":[{"href":"https:\/\/www.tucomarca.com\/wordpress\/segunda\/wp-json\/wp\/v2\/posts"}],"about":[{"href":"https:\/\/www.tucomarca.com\/wordpress\/segunda\/wp-json\/wp\/v2\/types\/post"}],"author":[{"embeddable":true,"href":"https:\/\/www.tucomarca.com\/wordpress\/segunda\/wp-json\/wp\/v2\/users\/1"}],"replies":[{"embeddable":true,"href":"https:\/\/www.tucomarca.com\/wordpress\/segunda\/wp-json\/wp\/v2\/comments?post=203403"}],"version-history":[{"count":0,"href":"https:\/\/www.tucomarca.com\/wordpress\/segunda\/wp-json\/wp\/v2\/posts\/203403\/revisions"}],"wp:featuredmedia":[{"embeddable":true,"href":"https:\/\/www.tucomarca.com\/wordpress\/segunda\/wp-json\/wp\/v2\/media\/203413"}],"wp:attachment":[{"href":"https:\/\/www.tucomarca.com\/wordpress\/segunda\/wp-json\/wp\/v2\/media?parent=203403"}],"wp:term":[{"taxonomy":"category","embeddable":true,"href":"https:\/\/www.tucomarca.com\/wordpress\/segunda\/wp-json\/wp\/v2\/categories?post=203403"},{"taxonomy":"post_tag","embeddable":true,"href":"https:\/\/www.tucomarca.com\/wordpress\/segunda\/wp-json\/wp\/v2\/tags?post=203403"}],"curies":[{"name":"wp","href":"https:\/\/api.w.org\/{rel}","templated":true}]}}