{"id":203771,"date":"2023-11-27T12:00:00","date_gmt":"2023-11-27T11:00:00","guid":{"rendered":"https:\/\/www.tucomarca.com\/wordpress\/segunda\/?p=203771"},"modified":"2023-11-27T18:36:56","modified_gmt":"2023-11-27T17:36:56","slug":"benaguasil-conmemora-el-dia-internacional-contra-la-violencia-de-genero","status":"publish","type":"post","link":"https:\/\/www.tucomarca.com\/wordpress\/segunda\/benaguasil-conmemora-el-dia-internacional-contra-la-violencia-de-genero\/","title":{"rendered":"Benaguasil conmemora el D\u00eda Internacional contra la Violencia de G\u00e9nero"},"content":{"rendered":"\n<h4 class=\"wp-block-heading\">El director general de Diversidad, Stephane Soriano, ha le\u00eddo el manifiesto institucional para condenar esta lacra social.<\/h4>\n\n\n\n<p>El Ayuntamiento de Benaguasil celebr\u00f3 el pasado s\u00e1bado el acto institucional por el D\u00eda Internacional para la Eliminaci\u00f3n de la Violencia contra la Mujer para mostrar el firme rechazo del consistorio contra esta lacra social.<\/p>\n\n\n\n<p>Los actos, celebrados en el centro multifuncional BClub, se iniciaron con la lectura del manifiesto contra la violencia de g\u00e9nero que fue le\u00eddo por el director general de Diversidad, Stephane Soriano, qui\u00e9n estuvo acompa\u00f1ado por el alcalde, Ximo Segarra, la concejal de Igualdad, Alicia Molina y concejales de la corporaci\u00f3n municipal.<\/p>\n\n\n\n<p>La jornada continu\u00f3 con una mesa redonda sobre la igualdad que cont\u00f3 con la participaci\u00f3n de mujeres del municipio procedentes de distintos \u00e1mbitos: Elena Garc\u00eda, militar en la reserva; Isabel Brisa, empleada jubilada de la ONCE; Monty Peir\u00f3, m\u00fasico y cantante en el d\u00fao \u201cThe Umbrellas\u201d y Alicia Molina, concejal y enfermera.<\/p>\n\n\n\n<p>Todas ellas contaron su experiencia en el \u00e1mbito laboral y reflexionaron sobre la igualdad de oportunidades entre mujeres y hombres, incidiendo en la importancia de poder educar desde la igualdad, la libertad, la tolerancia y el respeto.<\/p>\n\n\n\n<p>La sesi\u00f3n finaliz\u00f3 con la actuaci\u00f3n musical del d\u00fao \u201cThe Umbrellas\u201d que interpret\u00f3 canciones comprometidas con una sociedad libre de violencia de g\u00e9nero, y un tardeo.<\/p>\n\n\n\n<p>Con estos actos el Ayuntamiento ha puesto de manifiesto el compromiso de esta Administraci\u00f3n en la lucha contra la violencia machista. \u201cDesde el equipo de Gobierno somos conscientes de la importancia de seguir trabajando para combatir esta lacra y apostar por una igualdad real en todos los \u00e1mbitos, puesto que estamos ante un problema que afecta a toda la ciudadan\u00eda y hay que unir esfuerzos para poner fin a la discriminaci\u00f3n que las mujeres contin\u00faan sufriendo en la actualidad\u201d, ha se\u00f1alado la edil Alicia Molina.<\/p>\n","protected":false},"excerpt":{"rendered":"<div class=\"mh-excerpt\">El director general de Diversidad, Stephane Soriano, ha le\u00eddo el manifiesto institucional para condenar esta lacra social. El Ayuntamiento de Benaguasil celebr\u00f3 el pasado s\u00e1bado el acto institucional por el D\u00eda Internacional para la Eliminaci\u00f3n <a class=\"mh-excerpt-more\" href=\"https:\/\/www.tucomarca.com\/wordpress\/segunda\/benaguasil-conmemora-el-dia-internacional-contra-la-violencia-de-genero\/\" title=\"Benaguasil conmemora el D\u00eda Internacional contra la Violencia de G\u00e9nero\">[+] <\/a><\/div>\n","protected":false},"author":12,"featured_media":203773,"comment_status":"open","ping_status":"open","sticky":false,"template":"","format":"standard","meta":{"footnotes":""},"categories":[172,46,8,7,142,3],"tags":[13086,10429,10395],"class_list":{"0":"post-203771","1":"post","2":"type-post","3":"status-publish","4":"format-standard","5":"has-post-thumbnail","7":"category-benaguasil","8":"category-camp-de-turia","9":"category-la-comarca","10":"category-ocio-y-cultura","11":"category-politica-la-comarca","12":"category-seccion","13":"tag-25n","14":"tag-benaguasil","15":"tag-camp-de-turia"},"_links":{"self":[{"href":"https:\/\/www.tucomarca.com\/wordpress\/segunda\/wp-json\/wp\/v2\/posts\/203771","targetHints":{"allow":["GET"]}}],"collection":[{"href":"https:\/\/www.tucomarca.com\/wordpress\/segunda\/wp-json\/wp\/v2\/posts"}],"about":[{"href":"https:\/\/www.tucomarca.com\/wordpress\/segunda\/wp-json\/wp\/v2\/types\/post"}],"author":[{"embeddable":true,"href":"https:\/\/www.tucomarca.com\/wordpress\/segunda\/wp-json\/wp\/v2\/users\/12"}],"replies":[{"embeddable":true,"href":"https:\/\/www.tucomarca.com\/wordpress\/segunda\/wp-json\/wp\/v2\/comments?post=203771"}],"version-history":[{"count":0,"href":"https:\/\/www.tucomarca.com\/wordpress\/segunda\/wp-json\/wp\/v2\/posts\/203771\/revisions"}],"wp:featuredmedia":[{"embeddable":true,"href":"https:\/\/www.tucomarca.com\/wordpress\/segunda\/wp-json\/wp\/v2\/media\/203773"}],"wp:attachment":[{"href":"https:\/\/www.tucomarca.com\/wordpress\/segunda\/wp-json\/wp\/v2\/media?parent=203771"}],"wp:term":[{"taxonomy":"category","embeddable":true,"href":"https:\/\/www.tucomarca.com\/wordpress\/segunda\/wp-json\/wp\/v2\/categories?post=203771"},{"taxonomy":"post_tag","embeddable":true,"href":"https:\/\/www.tucomarca.com\/wordpress\/segunda\/wp-json\/wp\/v2\/tags?post=203771"}],"curies":[{"name":"wp","href":"https:\/\/api.w.org\/{rel}","templated":true}]}}