{"id":203882,"date":"2023-11-28T10:10:00","date_gmt":"2023-11-28T09:10:00","guid":{"rendered":"https:\/\/www.tucomarca.com\/wordpress\/segunda\/?p=203882"},"modified":"2023-11-28T19:48:26","modified_gmt":"2023-11-28T18:48:26","slug":"la-unio-organiza-este-miercoles-en-requena-su-i-jornada-de-innovacion-vitivinicola-de-la-comunitat-valenciana","status":"publish","type":"post","link":"https:\/\/www.tucomarca.com\/wordpress\/segunda\/la-unio-organiza-este-miercoles-en-requena-su-i-jornada-de-innovacion-vitivinicola-de-la-comunitat-valenciana\/","title":{"rendered":"La Uni\u00f3 organiza este mi\u00e9rcoles en Requena su I Jornada de Innovaci\u00f3n Vitivin\u00edcola de la Comunitat Valenciana"},"content":{"rendered":"\n<h4 class=\"wp-block-heading\">Se presentar\u00e1n diferentes proyectos innovadores enfocados en el sector de la uva de vinificaci\u00f3n y desarrollados por la organizaci\u00f3n agraria y diversas instituciones o entidades valencianas&nbsp;<\/h4>\n\n\n\n<p>La Uni\u00f3 organiza el pr\u00f3ximo mi\u00e9rcoles 29 de noviembre en Requena su I Jornada de Innovaci\u00f3n Vitivin\u00edcola de la Comunitat Valenciana, en la que se van a presentar diferentes proyectos innovadores enfocados en el sector de la uva de vinificaci\u00f3n y desarrollados por la organizaci\u00f3n agraria y diversas instituciones o entidades valencianas.&nbsp;<\/p>\n\n\n\n<p>La jornada se celebrar\u00e1 de 9:30 a 13:00 horas en la Escuela de Viticultura y Enolog\u00eda F\u00e9lix Jim\u00e9nez de Requena. Cuenta con la colaboraci\u00f3n de Cooperativas Agro-alimentarias de la Comunitat Valenciana, Escuela de Viticultura y Enolog\u00eda F\u00e9lix Jim\u00e9nez, DO Utiel-Requena y Diputaci\u00f3n de Valencia. En la inauguraci\u00f3n, prevista para las 10 horas, participar\u00e1n el secretario auton\u00f3mico de Agricultura, Ganader\u00eda y Pesca, Javier Bartolom\u00e9; la directora de la Escuela de Viticultura, \u00c1gueda Serrano y el vicesecretario general de La Uni\u00f3, Luis Javier Navarro. Por otra parte, en la clausura, que se realizar\u00e1 a las 12,45 horas, intervendr\u00e1 el concejal de Agricultura, Ganader\u00eda y Desarrollo del Medio Rural del Ayuntamiento de Requena, Alejandro Hern\u00e1ndez Pardo.<\/p>\n\n\n\n<p>La Uni\u00f3 es consciente de que la innovaci\u00f3n es una herramienta competitiva que hay que llevar a cabo e implementar conjuntamente desde la iniciativa privada y el apoyo p\u00fablico. Por ello ha considerado adecuado organizar esta primera edici\u00f3n de las jornadas.<\/p>\n\n\n\n<p>En la primera ronda de proyectos, de 10,30 a 11,15 horas, se presentar\u00e1n:<\/p>\n\n\n\n<ul class=\"wp-block-list\"><li>VITISKILLS: Proyecto Erasmus. Presentaci\u00f3n de material para formaci\u00f3n en viticultura 4.0.<\/li><li>MICROFIGHTER: Proyecto Life. Innovador producto basado en zeolitas y cultivos bacterianos sustitutivo del actual tratamiento con cobre.<\/li><li>CIRCULAR BRICKS: Proyecto Erasmus. Casos de \u00e9xito de proyectos en viticultura basados en la bioeconom\u00eda circular.<\/li><li>PERFECT LIFE: Proyecto Life. Presentaci\u00f3n de aplicaciones gratuitas para la optimizaci\u00f3n de los tratamientos en vi\u00f1a.<\/li><\/ul>\n\n\n\n<p>Tras una pausa caf\u00e9 se presentar\u00e1 una segunda ronda de proyectos de 11,15 a 11,45 horas:<\/p>\n\n\n\n<ul class=\"wp-block-list\"><li>BOT VID: Desarrollo de un sensor eficiente y econ\u00f3mico para la detecci\u00f3n temprana de enfermedades en la vid.<\/li><li>DRONES: Acciones de drones en entornos agroalimentarios y viticultura.<\/li><li>AQUA FONG: Innovador desinfectante para enfermedades f\u00fangicas en cepas.<\/li><li>PROYECTO VALORABOBAL: Valoraci\u00f3n de la variedad de uva aut\u00f3ctona Bobal.<\/li><\/ul>\n\n\n\n<p>Al finalizar, y tras la clausura, habr\u00e1 un espacio de contacto entre todos los asistentes donde se podr\u00e1 degustar vino y alimentos locales de la comarca de Utiel-Requena.<\/p>\n\n\n\n<figure class=\"wp-block-gallery has-nested-images columns-default is-cropped wp-block-gallery-1 is-layout-flex wp-block-gallery-is-layout-flex\">\n<figure class=\"wp-block-image size-large\"><img loading=\"lazy\" decoding=\"async\" width=\"886\" height=\"1253\" data-id=\"203886\" src=\"https:\/\/www.tucomarca.com\/wordpress\/segunda\/wp-content\/uploads\/2023\/11\/JornadaLaUnio2.jpg\" alt=\"\" class=\"wp-image-203886\" srcset=\"https:\/\/www.tucomarca.com\/wordpress\/segunda\/wp-content\/uploads\/2023\/11\/JornadaLaUnio2.jpg 886w, https:\/\/www.tucomarca.com\/wordpress\/segunda\/wp-content\/uploads\/2023\/11\/JornadaLaUnio2-212x300.jpg 212w, https:\/\/www.tucomarca.com\/wordpress\/segunda\/wp-content\/uploads\/2023\/11\/JornadaLaUnio2-724x1024.jpg 724w, https:\/\/www.tucomarca.com\/wordpress\/segunda\/wp-content\/uploads\/2023\/11\/JornadaLaUnio2-768x1086.jpg 768w\" sizes=\"auto, (max-width: 886px) 100vw, 886px\" \/><\/figure>\n<\/figure>\n","protected":false},"excerpt":{"rendered":"<div class=\"mh-excerpt\">Se presentar\u00e1n diferentes proyectos innovadores enfocados en el sector de la uva de vinificaci\u00f3n y desarrollados por la organizaci\u00f3n agraria y diversas instituciones o entidades valencianas&nbsp; La Uni\u00f3 organiza el pr\u00f3ximo mi\u00e9rcoles 29 de noviembre <a class=\"mh-excerpt-more\" href=\"https:\/\/www.tucomarca.com\/wordpress\/segunda\/la-unio-organiza-este-miercoles-en-requena-su-i-jornada-de-innovacion-vitivinicola-de-la-comunitat-valenciana\/\" title=\"La Uni\u00f3 organiza este mi\u00e9rcoles en Requena su I Jornada de Innovaci\u00f3n Vitivin\u00edcola de la Comunitat Valenciana\">[+] <\/a><\/div>\n","protected":false},"author":12,"featured_media":203884,"comment_status":"open","ping_status":"open","sticky":false,"template":"","format":"standard","meta":{"footnotes":""},"categories":[4,169,128,8,117,142,28,27,3],"tags":[18020,10388,10387],"class_list":{"0":"post-203882","1":"post","2":"type-post","3":"status-publish","4":"format-standard","5":"has-post-thumbnail","7":"category-agenda","8":"category-agricultura-la-comarca","9":"category-infraestructuras","10":"category-la-comarca","11":"category-medio-ambiente-la-comarca","12":"category-politica-la-comarca","13":"category-requena","14":"category-requena-utiel","15":"category-seccion","16":"tag-la-unio-llauradora","17":"tag-requena","18":"tag-requena-utiel"},"_links":{"self":[{"href":"https:\/\/www.tucomarca.com\/wordpress\/segunda\/wp-json\/wp\/v2\/posts\/203882","targetHints":{"allow":["GET"]}}],"collection":[{"href":"https:\/\/www.tucomarca.com\/wordpress\/segunda\/wp-json\/wp\/v2\/posts"}],"about":[{"href":"https:\/\/www.tucomarca.com\/wordpress\/segunda\/wp-json\/wp\/v2\/types\/post"}],"author":[{"embeddable":true,"href":"https:\/\/www.tucomarca.com\/wordpress\/segunda\/wp-json\/wp\/v2\/users\/12"}],"replies":[{"embeddable":true,"href":"https:\/\/www.tucomarca.com\/wordpress\/segunda\/wp-json\/wp\/v2\/comments?post=203882"}],"version-history":[{"count":0,"href":"https:\/\/www.tucomarca.com\/wordpress\/segunda\/wp-json\/wp\/v2\/posts\/203882\/revisions"}],"wp:featuredmedia":[{"embeddable":true,"href":"https:\/\/www.tucomarca.com\/wordpress\/segunda\/wp-json\/wp\/v2\/media\/203884"}],"wp:attachment":[{"href":"https:\/\/www.tucomarca.com\/wordpress\/segunda\/wp-json\/wp\/v2\/media?parent=203882"}],"wp:term":[{"taxonomy":"category","embeddable":true,"href":"https:\/\/www.tucomarca.com\/wordpress\/segunda\/wp-json\/wp\/v2\/categories?post=203882"},{"taxonomy":"post_tag","embeddable":true,"href":"https:\/\/www.tucomarca.com\/wordpress\/segunda\/wp-json\/wp\/v2\/tags?post=203882"}],"curies":[{"name":"wp","href":"https:\/\/api.w.org\/{rel}","templated":true}]}}