{"id":203933,"date":"2023-11-28T15:00:00","date_gmt":"2023-11-28T14:00:00","guid":{"rendered":"https:\/\/www.tucomarca.com\/wordpress\/segunda\/?p=203933"},"modified":"2023-11-28T21:31:34","modified_gmt":"2023-11-28T20:31:34","slug":"pradas-anuncia-la-adjudicacion-de-la-linea-de-transporte-por-carretera-utiel-requena-que-dara-servicio-a-19-000-usuarios","status":"publish","type":"post","link":"https:\/\/www.tucomarca.com\/wordpress\/segunda\/pradas-anuncia-la-adjudicacion-de-la-linea-de-transporte-por-carretera-utiel-requena-que-dara-servicio-a-19-000-usuarios\/","title":{"rendered":"Pradas anuncia la adjudicaci\u00f3n de la l\u00ednea de transporte por carretera Utiel-Requena que dar\u00e1 servicio a 19.000 usuarios"},"content":{"rendered":"\n<h4 class=\"wp-block-heading\">La consellera de Medio Ambiente asegura que la renovaci\u00f3n del contrato, caducado desde 2018, contar\u00e1 con una aportaci\u00f3n de 2,7 millones de euros<\/h4>\n\n\n\n<p>La consellera de Medio Ambiente, Agua, Infraestructuras y Territorio, Salom\u00e9 Pradas, ha asegurado que en breve se materializar\u00e1 la adjudicaci\u00f3n de la concesi\u00f3n de transporte de viajeros por carretera Utiel-Requena.&nbsp;<\/p>\n\n\n\n<p>Pradas, que ha mantenido un encuentro de trabajo con el alcalde de Utiel, Ricardo Gabald\u00f3n, ha avanzado que \u201cla renovaci\u00f3n de este contrato, que estaba caducado desde 2018, permitir\u00e1 dar servicio a m\u00e1s de &nbsp;19.000 usurios y tendr\u00e1 una aportaci\u00f3n de la Generalitat de 2,7 millones de euros\u201d.<\/p>\n\n\n\n<p>Con este servicio -ha destacado Pradas- \u201cla Generalitat pone a disposici\u00f3n de los ciudadanos de estos municipios un servicio b\u00e1sico y esencial para su d\u00eda a d\u00eda, como es el del transporte. A trav\u00e9s de esta nueva concesi\u00f3n podremos garantizar una mejor movilidad y contribuir a mejorar su calidad de vida\u201d.&nbsp;<\/p>\n\n\n\n<p>La futura concesi\u00f3n contar\u00e1 con 7 veh\u00edculos que realizar\u00e1n, conjuntamente, 226.000 kil\u00f3metros comerciales y 6.425 expediciones al a\u00f1o. Su duraci\u00f3n ser\u00e1 de 10 a\u00f1os, hasta 2033.&nbsp;<\/p>\n\n\n\n<p>Durante su reuni\u00f3n, Pradas ha analizado otras cuestiones relacionadas con el desarrollo de proyectos medioambientales y la gesti\u00f3n del agua y de residuos en el municipio.&nbsp;<\/p>\n","protected":false},"excerpt":{"rendered":"<div class=\"mh-excerpt\">La consellera de Medio Ambiente asegura que la renovaci\u00f3n del contrato, caducado desde 2018, contar\u00e1 con una aportaci\u00f3n de 2,7 millones de euros La consellera de Medio Ambiente, Agua, Infraestructuras y Territorio, Salom\u00e9 Pradas, ha <a class=\"mh-excerpt-more\" href=\"https:\/\/www.tucomarca.com\/wordpress\/segunda\/pradas-anuncia-la-adjudicacion-de-la-linea-de-transporte-por-carretera-utiel-requena-que-dara-servicio-a-19-000-usuarios\/\" title=\"Pradas anuncia la adjudicaci\u00f3n de la l\u00ednea de transporte por carretera Utiel-Requena que dar\u00e1 servicio a 19.000 usuarios\">[+] <\/a><\/div>\n","protected":false},"author":12,"featured_media":203941,"comment_status":"open","ping_status":"open","sticky":false,"template":"","format":"standard","meta":{"footnotes":""},"categories":[128,8,142,28,27,3,29,45],"tags":[19935,10388,10387],"class_list":{"0":"post-203933","1":"post","2":"type-post","3":"status-publish","4":"format-standard","5":"has-post-thumbnail","7":"category-infraestructuras","8":"category-la-comarca","9":"category-politica-la-comarca","10":"category-requena","11":"category-requena-utiel","12":"category-seccion","13":"category-utiel","14":"category-ventana","15":"tag-linea-de-transporte-por-carretera","16":"tag-requena","17":"tag-requena-utiel"},"_links":{"self":[{"href":"https:\/\/www.tucomarca.com\/wordpress\/segunda\/wp-json\/wp\/v2\/posts\/203933","targetHints":{"allow":["GET"]}}],"collection":[{"href":"https:\/\/www.tucomarca.com\/wordpress\/segunda\/wp-json\/wp\/v2\/posts"}],"about":[{"href":"https:\/\/www.tucomarca.com\/wordpress\/segunda\/wp-json\/wp\/v2\/types\/post"}],"author":[{"embeddable":true,"href":"https:\/\/www.tucomarca.com\/wordpress\/segunda\/wp-json\/wp\/v2\/users\/12"}],"replies":[{"embeddable":true,"href":"https:\/\/www.tucomarca.com\/wordpress\/segunda\/wp-json\/wp\/v2\/comments?post=203933"}],"version-history":[{"count":0,"href":"https:\/\/www.tucomarca.com\/wordpress\/segunda\/wp-json\/wp\/v2\/posts\/203933\/revisions"}],"wp:featuredmedia":[{"embeddable":true,"href":"https:\/\/www.tucomarca.com\/wordpress\/segunda\/wp-json\/wp\/v2\/media\/203941"}],"wp:attachment":[{"href":"https:\/\/www.tucomarca.com\/wordpress\/segunda\/wp-json\/wp\/v2\/media?parent=203933"}],"wp:term":[{"taxonomy":"category","embeddable":true,"href":"https:\/\/www.tucomarca.com\/wordpress\/segunda\/wp-json\/wp\/v2\/categories?post=203933"},{"taxonomy":"post_tag","embeddable":true,"href":"https:\/\/www.tucomarca.com\/wordpress\/segunda\/wp-json\/wp\/v2\/tags?post=203933"}],"curies":[{"name":"wp","href":"https:\/\/api.w.org\/{rel}","templated":true}]}}