{"id":203964,"date":"2023-11-28T19:00:00","date_gmt":"2023-11-28T18:00:00","guid":{"rendered":"https:\/\/www.tucomarca.com\/wordpress\/segunda\/?p=203964"},"modified":"2023-11-28T22:08:50","modified_gmt":"2023-11-28T21:08:50","slug":"el-cd-bunol-se-situa-cuarto-en-la-tabla-tras-endosarle-5-goles-al-tercer-clasificado-el-cd-lalcora","status":"publish","type":"post","link":"https:\/\/www.tucomarca.com\/wordpress\/segunda\/el-cd-bunol-se-situa-cuarto-en-la-tabla-tras-endosarle-5-goles-al-tercer-clasificado-el-cd-lalcora\/","title":{"rendered":"El CD Bu\u00f1ol se sit\u00faa cuarto en la tabla tras endosarle 5 goles al tercer clasificado, el CD L&#8217;Alcora"},"content":{"rendered":"\n<p>El Club Deportivo Bu\u00f1ol no s\u00f3lo le ha pasado por encima al tercer clasificado, el CD L&#8217;Alcora, al que le ha endosado cinco tantos; sino que adem\u00e1s ha dado un enorme salto en la tabla clasificatoria del grupo norte de la la Lliga Comunitat para situarse en la cuarta plaza y a penas dos puntos de los puestos que dan derecho a jugar la promoci\u00f3n de ascenso a Tercera Divisi\u00f3n. <\/p>\n\n\n\n<p>Los blancos se desplazaban este pasado fin de semana hasta el campo del CD L&#8217;Alcora para disputar un partido en el que al conjunto visitante le llovieron los goles (0-5): Tob\u00edas abr\u00eda el marcador en el minuto 41 de la primera mitad; y el capit\u00e1n, Gonza, en el 62; Alberto en el 73; Abarca en el 74 y Sabater, finalmente, en el minuto 82 completaban una tarde redonda para los blancos.<\/p>\n\n\n\n<p>El CD Bu\u00f1ol recibir\u00e1 este fin de semana en su feudo del Beltr\u00e1n B\u00e1guena la visita del Nou Jove Castell\u00f3, equipo situado actualmente en el puesto 12 de la tabla con 12 puntos, seis menos de los dispone el CD Bu\u00f1ol. <\/p>\n\n\n\n<p>Por delante, el equipo de La Hoya ahora mismo tiene adem\u00e1s del citado L&#8217;Alcora ubicado en el tercer puesto; al CD Almazora en el segundo lugar con 21 puntos y a la UD Vall de Ux\u00f3 que lidera la clasificaci\u00f3n del grupo norte con 26 puntos.    <\/p>\n","protected":false},"excerpt":{"rendered":"<div class=\"mh-excerpt\">El Club Deportivo Bu\u00f1ol no s\u00f3lo le ha pasado por encima al tercer clasificado, el CD L&#8217;Alcora, al que le ha endosado cinco tantos; sino que adem\u00e1s ha dado un enorme salto en la tabla <a class=\"mh-excerpt-more\" href=\"https:\/\/www.tucomarca.com\/wordpress\/segunda\/el-cd-bunol-se-situa-cuarto-en-la-tabla-tras-endosarle-5-goles-al-tercer-clasificado-el-cd-lalcora\/\" title=\"El CD Bu\u00f1ol se sit\u00faa cuarto en la tabla tras endosarle 5 goles al tercer clasificado, el CD L&#8217;Alcora\">[+] <\/a><\/div>\n","protected":false},"author":1,"featured_media":202846,"comment_status":"open","ping_status":"open","sticky":false,"template":"","format":"standard","meta":{"footnotes":""},"categories":[18,50,6,8,10,3],"tags":[10385,537,10379,44,5952],"class_list":{"0":"post-203964","1":"post","2":"type-post","3":"status-publish","4":"format-standard","5":"has-post-thumbnail","7":"category-bunol","8":"category-futbol-deportes","9":"category-deportes","10":"category-la-comarca","11":"category-la-hoya","12":"category-seccion","13":"tag-bunol","14":"tag-cd-bunol","15":"tag-deportes","16":"tag-futbol","17":"tag-la-hoya-de-bunol-chiva"},"_links":{"self":[{"href":"https:\/\/www.tucomarca.com\/wordpress\/segunda\/wp-json\/wp\/v2\/posts\/203964","targetHints":{"allow":["GET"]}}],"collection":[{"href":"https:\/\/www.tucomarca.com\/wordpress\/segunda\/wp-json\/wp\/v2\/posts"}],"about":[{"href":"https:\/\/www.tucomarca.com\/wordpress\/segunda\/wp-json\/wp\/v2\/types\/post"}],"author":[{"embeddable":true,"href":"https:\/\/www.tucomarca.com\/wordpress\/segunda\/wp-json\/wp\/v2\/users\/1"}],"replies":[{"embeddable":true,"href":"https:\/\/www.tucomarca.com\/wordpress\/segunda\/wp-json\/wp\/v2\/comments?post=203964"}],"version-history":[{"count":0,"href":"https:\/\/www.tucomarca.com\/wordpress\/segunda\/wp-json\/wp\/v2\/posts\/203964\/revisions"}],"wp:featuredmedia":[{"embeddable":true,"href":"https:\/\/www.tucomarca.com\/wordpress\/segunda\/wp-json\/wp\/v2\/media\/202846"}],"wp:attachment":[{"href":"https:\/\/www.tucomarca.com\/wordpress\/segunda\/wp-json\/wp\/v2\/media?parent=203964"}],"wp:term":[{"taxonomy":"category","embeddable":true,"href":"https:\/\/www.tucomarca.com\/wordpress\/segunda\/wp-json\/wp\/v2\/categories?post=203964"},{"taxonomy":"post_tag","embeddable":true,"href":"https:\/\/www.tucomarca.com\/wordpress\/segunda\/wp-json\/wp\/v2\/tags?post=203964"}],"curies":[{"name":"wp","href":"https:\/\/api.w.org\/{rel}","templated":true}]}}