{"id":203997,"date":"2023-11-29T08:00:00","date_gmt":"2023-11-29T07:00:00","guid":{"rendered":"https:\/\/www.tucomarca.com\/wordpress\/segunda\/?p=203997"},"modified":"2023-11-29T20:33:20","modified_gmt":"2023-11-29T19:33:20","slug":"cooperativas-agroalimentarias-de-la-comunidad-valenciana-se-reunen-con-el-conseller-de-agricultura-jose-luis-aguirre","status":"publish","type":"post","link":"https:\/\/www.tucomarca.com\/wordpress\/segunda\/cooperativas-agroalimentarias-de-la-comunidad-valenciana-se-reunen-con-el-conseller-de-agricultura-jose-luis-aguirre\/","title":{"rendered":"Cooperativas agroalimentarias de la Comunidad Valenciana se re\u00fanen con el conseller de Agricultura, Jos\u00e9 Luis Aguirre"},"content":{"rendered":"\n<p>El Consejo Rector de Cooperatives Agro-alliment\u00e0ries de la Comunitat Valenciana se ha reunido en el Palacio de los Mercader con el Conseller de Agricultura, Ganader\u00eda y Pesca, Jos\u00e9 Luis Aguirre.<\/p>\n\n\n\n<p>El encuentro ha permitido a los representantes del sector cooperativo trasladar al conseller su visi\u00f3n sobre algunos asuntos de actualidad, abordar algunas cuestiones recogidas en el documento que Cooperatives Agro-aliment\u00e0ries envi\u00f3 a las formaciones concurrentes a las pasadas Elecciones auton\u00f3micas y repasar las diferentes l\u00edneas de colaboraci\u00f3n existentes entre la Administraci\u00f3n y Federaci\u00f3.<\/p>\n\n\n\n<p>En este sentido, se ha abordado la propuesta del sector de contar con un marco legislativo que complemente en el \u00e1mbito auton\u00f3mico el contenido de la Ley 13\/2013, de fomento de la integraci\u00f3n de cooperativas y de otras entidades asociativas de car\u00e1cter prioritario. El presidente de Federaci\u00f3, Cirilo Arnandis, ha destacado ante el conseller que otras Comunidades Aut\u00f3nomas ya disponen de normativa en este \u00e1mbito, que ha ayudado a avanzar en el adecuado redimensionamiento del sector en sus respectivas regiones.<\/p>\n\n\n\n<p>Otro de los grandes temas que ha centrado la reuni\u00f3n ha sido la Ley de Estructuras Agrarias, para la que los representantes del sector cooperativo han solicitado un m\u00e1s desarrollo normativo y fondos suficientes para su aplicaci\u00f3n. Sobre esta cuesti\u00f3n, Aguirre ha incidido en que lo importante es poder ejecutar los fondos presupuestados y, ante la preocupaci\u00f3n mostrada por el sector sobre la reciente aprobaci\u00f3n de un propuesta en la Comisi\u00f3n de Agricultura de Les Corts para modificar la Ley, ha asegurado que los cambios que puedan aprobarse contar\u00e1n con la participaci\u00f3n de las entidades conocedoras del territorio y del sector, como Federaci\u00f3.<\/p>\n\n\n\n<p>Menci\u00f3n expresa ha merecido tambi\u00e9n la importancia de desarrollar campa\u00f1as de promoci\u00f3n de producto, en el \u00e1mbito nacional e internacional, que fomenten la demanda y el consumo de las producciones valencianas, incidi\u00e9ndose en las alternativas para impulsarlas y en las problem\u00e1ticas existentes en algunos sectores, como el citr\u00edcola, para poder ponerlas en marcha.<\/p>\n\n\n\n<p>Por \u00faltimo, tambi\u00e9n se han comentado cuestiones relacionadas con determinadas problem\u00e1ticas detectadas en el \u00e1mbito del seguro agrario, y con el proyecto de Ley de Presupuestos de la generalitat para 2024 y las partidas que recoge para las l\u00edneas de colaboraci\u00f3n existentes en la actualidad entre la Administraci\u00f3n auton\u00f3mica y Cooperatives Agro-aliment\u00e0ries de la Comunitat Valenciana.<\/p>\n\n\n\n<p><strong>Problem\u00e1ticas sectoriales<\/strong><\/p>\n\n\n\n<p>El consejo rector de Federaci\u00f3 ha aprovechado la visita del conseller para repasar tambi\u00e9n diferentes problem\u00e1ticas de car\u00e1cter sectorial. As\u00ed, se han tratado en primer lugar temas de suministros, como la necesidad de continuar disponiendo de determinadas materias activas para la realizaci\u00f3n de tratamientos, las alternativas de lucha biol\u00f3gica\/biot\u00e9cnica contra plagas y enfermedades, la futura obligatoriedad del cuaderno digital o la demora en entregar los carn\u00e9s de usuario profesional de fitosanitarios.<\/p>\n\n\n\n<p>Por citar algunas cuestiones tratadas, en el \u00e1mbito de frutos secos se ha destacado la necesidad de acometer una profunda reconversi\u00f3n del sector del almendro, que permita aumentar la productividad. Tambi\u00e9n se ha hablado sobre la importancia de identificar el origen de los frutos secos empleados en productos derivados como el turr\u00f3n. En aceite, se ha comentado tambi\u00e9n la idoneidad de impulsar una segunda reestructuraci\u00f3n del sector. En desarrollo rural, se ha apuntado la necesidad de disponer de las herramientas adecuadas para impulsar los procesos de relevo generacional en el sector.<\/p>\n\n\n\n<p><strong>Valoraciones<\/strong><\/p>\n\n\n\n<p>El presidente de Cooperatives Agro-aliment\u00e0ries, Cirilo Arnandis, ha destacado tras la reuni\u00f3n que \u201chemos tenido oportunidad de tratar con el conseller una amplia bater\u00eda de temas de inter\u00e9s, transversales y sectoriales, encontrando por su parte buena sinton\u00eda con nuestros planteamientos y la disposici\u00f3n de la Conselleria de Agricultura para seguir trabajando juntos en todo aquello que sea beneficioso para la agricultura valenciana y, m\u00e1s en concreto, para nuestras cooperativas\u201d.<\/p>\n","protected":false},"excerpt":{"rendered":"<div class=\"mh-excerpt\">El Consejo Rector de Cooperatives Agro-alliment\u00e0ries de la Comunitat Valenciana se ha reunido en el Palacio de los Mercader con el Conseller de Agricultura, Ganader\u00eda y Pesca, Jos\u00e9 Luis Aguirre. El encuentro ha permitido a <a class=\"mh-excerpt-more\" href=\"https:\/\/www.tucomarca.com\/wordpress\/segunda\/cooperativas-agroalimentarias-de-la-comunidad-valenciana-se-reunen-con-el-conseller-de-agricultura-jose-luis-aguirre\/\" title=\"Cooperativas agroalimentarias de la Comunidad Valenciana se re\u00fanen con el conseller de Agricultura, Jos\u00e9 Luis Aguirre\">[+] <\/a><\/div>\n","protected":false},"author":12,"featured_media":204002,"comment_status":"open","ping_status":"open","sticky":false,"template":"","format":"standard","meta":{"footnotes":""},"categories":[169,128,8,72,117,142,3,45],"tags":[12855,19763],"class_list":{"0":"post-203997","1":"post","2":"type-post","3":"status-publish","4":"format-standard","5":"has-post-thumbnail","7":"category-agricultura-la-comarca","8":"category-infraestructuras","9":"category-la-comarca","10":"category-sin-categorizar","11":"category-medio-ambiente-la-comarca","12":"category-politica-la-comarca","13":"category-seccion","14":"category-ventana","15":"tag-conselleria-de-agricultura","16":"tag-cooperativas-agroalimentarias-valencianas"},"_links":{"self":[{"href":"https:\/\/www.tucomarca.com\/wordpress\/segunda\/wp-json\/wp\/v2\/posts\/203997","targetHints":{"allow":["GET"]}}],"collection":[{"href":"https:\/\/www.tucomarca.com\/wordpress\/segunda\/wp-json\/wp\/v2\/posts"}],"about":[{"href":"https:\/\/www.tucomarca.com\/wordpress\/segunda\/wp-json\/wp\/v2\/types\/post"}],"author":[{"embeddable":true,"href":"https:\/\/www.tucomarca.com\/wordpress\/segunda\/wp-json\/wp\/v2\/users\/12"}],"replies":[{"embeddable":true,"href":"https:\/\/www.tucomarca.com\/wordpress\/segunda\/wp-json\/wp\/v2\/comments?post=203997"}],"version-history":[{"count":0,"href":"https:\/\/www.tucomarca.com\/wordpress\/segunda\/wp-json\/wp\/v2\/posts\/203997\/revisions"}],"wp:featuredmedia":[{"embeddable":true,"href":"https:\/\/www.tucomarca.com\/wordpress\/segunda\/wp-json\/wp\/v2\/media\/204002"}],"wp:attachment":[{"href":"https:\/\/www.tucomarca.com\/wordpress\/segunda\/wp-json\/wp\/v2\/media?parent=203997"}],"wp:term":[{"taxonomy":"category","embeddable":true,"href":"https:\/\/www.tucomarca.com\/wordpress\/segunda\/wp-json\/wp\/v2\/categories?post=203997"},{"taxonomy":"post_tag","embeddable":true,"href":"https:\/\/www.tucomarca.com\/wordpress\/segunda\/wp-json\/wp\/v2\/tags?post=203997"}],"curies":[{"name":"wp","href":"https:\/\/api.w.org\/{rel}","templated":true}]}}