{"id":204012,"date":"2023-11-29T14:00:00","date_gmt":"2023-11-29T13:00:00","guid":{"rendered":"https:\/\/www.tucomarca.com\/wordpress\/segunda\/?p=204012"},"modified":"2023-11-29T21:35:24","modified_gmt":"2023-11-29T20:35:24","slug":"el-ayuntamiento-de-requena-presenta-el-libro-de-navidad","status":"publish","type":"post","link":"https:\/\/www.tucomarca.com\/wordpress\/segunda\/el-ayuntamiento-de-requena-presenta-el-libro-de-navidad\/","title":{"rendered":"El Ayuntamiento de Requena presenta el &#8216;Libro de Navidad&#8217;"},"content":{"rendered":"\n<p>El Ayuntamiento de Requena ha desvelado con entusiasmo el esperado Libro de Navidad, fruto de meses de dedicaci\u00f3n y trabajo. Dise\u00f1ado para todas las edades y p\u00fablicos, este libro busca devolver la ilusi\u00f3n navide\u00f1a a los requenenses.<\/p>\n\n\n\n<p>\u201cEn un esfuerzo conjunto, la Concejal\u00eda de Juventud, figura clave en este proyecto, merece un especial reconocimiento por su arduo trabajo. Adem\u00e1s, queremos expresar nuestro agradecimiento a todas las asociaciones y comercios que han colaborado, haciendo posible la realizaci\u00f3n de m\u00e1s de 200 actividades\u201d, explican desde el consistorio.<\/p>\n\n\n\n<p>Entre las actividades destacadas se encuentran el encendido de luces el 5 de diciembre, la visita de Pap\u00e1 Noel y sus emisarios a las aldeas, el mercado navide\u00f1o en el barrio de la Villa, los tardeos del 29 y 30 de diciembre, las primeras campanadas de la historia en el ayuntamiento, conciertos, juegos para los m\u00e1s peque\u00f1os y la esperada cabalgata, culminando con una lluvia de regalos desde los balcones del ayuntamiento.<\/p>\n\n\n\n<p>\u201cDeseamos que con este nuevo proyecto nazca la ilusi\u00f3n, compartamos la felicidad, disfrutemos los momentos con amigos y familia en una \u00e9poca tan se\u00f1alada, pero sobre todo, que el deseo de regresar a casa en Navidad perdure siempre en nuestros corazones\u201d, destacan desde el Ayuntamiento. Informa, <strong>Luis Ib\u00e1\u00f1ez<\/strong>.<\/p>\n","protected":false},"excerpt":{"rendered":"<div class=\"mh-excerpt\">El Ayuntamiento de Requena ha desvelado con entusiasmo el esperado Libro de Navidad, fruto de meses de dedicaci\u00f3n y trabajo. Dise\u00f1ado para todas las edades y p\u00fablicos, este libro busca devolver la ilusi\u00f3n navide\u00f1a a <a class=\"mh-excerpt-more\" href=\"https:\/\/www.tucomarca.com\/wordpress\/segunda\/el-ayuntamiento-de-requena-presenta-el-libro-de-navidad\/\" title=\"El Ayuntamiento de Requena presenta el &#8216;Libro de Navidad&#8217;\">[+] <\/a><\/div>\n","protected":false},"author":12,"featured_media":204013,"comment_status":"open","ping_status":"open","sticky":false,"template":"","format":"standard","meta":{"footnotes":""},"categories":[8,7,28,27,3],"tags":[19939,10388,10387],"class_list":{"0":"post-204012","1":"post","2":"type-post","3":"status-publish","4":"format-standard","5":"has-post-thumbnail","7":"category-la-comarca","8":"category-ocio-y-cultura","9":"category-requena","10":"category-requena-utiel","11":"category-seccion","12":"tag-libro-de-navidad","13":"tag-requena","14":"tag-requena-utiel"},"_links":{"self":[{"href":"https:\/\/www.tucomarca.com\/wordpress\/segunda\/wp-json\/wp\/v2\/posts\/204012","targetHints":{"allow":["GET"]}}],"collection":[{"href":"https:\/\/www.tucomarca.com\/wordpress\/segunda\/wp-json\/wp\/v2\/posts"}],"about":[{"href":"https:\/\/www.tucomarca.com\/wordpress\/segunda\/wp-json\/wp\/v2\/types\/post"}],"author":[{"embeddable":true,"href":"https:\/\/www.tucomarca.com\/wordpress\/segunda\/wp-json\/wp\/v2\/users\/12"}],"replies":[{"embeddable":true,"href":"https:\/\/www.tucomarca.com\/wordpress\/segunda\/wp-json\/wp\/v2\/comments?post=204012"}],"version-history":[{"count":0,"href":"https:\/\/www.tucomarca.com\/wordpress\/segunda\/wp-json\/wp\/v2\/posts\/204012\/revisions"}],"wp:featuredmedia":[{"embeddable":true,"href":"https:\/\/www.tucomarca.com\/wordpress\/segunda\/wp-json\/wp\/v2\/media\/204013"}],"wp:attachment":[{"href":"https:\/\/www.tucomarca.com\/wordpress\/segunda\/wp-json\/wp\/v2\/media?parent=204012"}],"wp:term":[{"taxonomy":"category","embeddable":true,"href":"https:\/\/www.tucomarca.com\/wordpress\/segunda\/wp-json\/wp\/v2\/categories?post=204012"},{"taxonomy":"post_tag","embeddable":true,"href":"https:\/\/www.tucomarca.com\/wordpress\/segunda\/wp-json\/wp\/v2\/tags?post=204012"}],"curies":[{"name":"wp","href":"https:\/\/api.w.org\/{rel}","templated":true}]}}