{"id":204426,"date":"2023-12-05T10:00:00","date_gmt":"2023-12-05T09:00:00","guid":{"rendered":"https:\/\/www.tucomarca.com\/wordpress\/segunda\/?p=204426"},"modified":"2023-12-05T12:25:22","modified_gmt":"2023-12-05T11:25:22","slug":"la-agrupacion-de-proteccion-civil-de-requena-recibe-un-premio-por-su-labor","status":"publish","type":"post","link":"https:\/\/www.tucomarca.com\/wordpress\/segunda\/la-agrupacion-de-proteccion-civil-de-requena-recibe-un-premio-por-su-labor\/","title":{"rendered":"La agrupaci\u00f3n de Protecci\u00f3n Civil de Requena recibe un premio por su labor"},"content":{"rendered":"\n<h4 class=\"wp-block-heading\">La agrupaci\u00f3n de Protecci\u00f3n Civil de Requena recibe un premio por su labor, en la celebraci\u00f3n del D\u00eda de la Polic\u00eda Local, conmemorando 170 a\u00f1os de servicio ciudadano<\/h4>\n\n\n\n<p>En un emotivo evento, la ciudad de Paterna celebr\u00f3 el D\u00eda de la Polic\u00eda Local, rindiendo homenaje a los 170 a\u00f1os de inquebrantable servicio al ciudadano. Se destac\u00f3 la dedicaci\u00f3n y el compromiso de los agentes que han contribuido a mantener la seguridad y el orden en la comunidad a lo largo de las d\u00e9cadas. En este significativo acto, se otorg\u00f3 un especial reconocimiento a los agentes y agrupaciones de Protecci\u00f3n Civil, cuya labor esencial ha sido fundamental en situaciones de emergencia y protecci\u00f3n ciudadana.<\/p>\n\n\n\n<p>Entre los destacados, la agrupaci\u00f3n de Protecci\u00f3n Civil de Requena recibi\u00f3 un merecido premio en reconocimiento a su destacada labor. Este galard\u00f3n refleja el compromiso y la excelencia demostrados por esta agrupaci\u00f3n en su servicio.<\/p>\n\n\n\n<p>Desde el Ayuntamiento de Requena, \u201cqueremos expresar nuestras m\u00e1s sinceras felicitaciones y profundo agradecimiento a todos los agentes de la Polic\u00eda Local y a las agrupaciones de Protecci\u00f3n Civil. Su dedicaci\u00f3n y sacrificio contribuyen de manera invaluable a la seguridad y bienestar de nuestros ciudadanos\u201d han manifestado desde el consistorio. Informa<strong>, Luis Ib\u00e1\u00f1ez.<\/strong><\/p>\n","protected":false},"excerpt":{"rendered":"<div class=\"mh-excerpt\">La agrupaci\u00f3n de Protecci\u00f3n Civil de Requena recibe un premio por su labor, en la celebraci\u00f3n del D\u00eda de la Polic\u00eda Local, conmemorando 170 a\u00f1os de servicio ciudadano En un emotivo evento, la ciudad de <a class=\"mh-excerpt-more\" href=\"https:\/\/www.tucomarca.com\/wordpress\/segunda\/la-agrupacion-de-proteccion-civil-de-requena-recibe-un-premio-por-su-labor\/\" title=\"La agrupaci\u00f3n de Protecci\u00f3n Civil de Requena recibe un premio por su labor\">[+] <\/a><\/div>\n","protected":false},"author":12,"featured_media":204428,"comment_status":"open","ping_status":"open","sticky":false,"template":"","format":"standard","meta":{"footnotes":""},"categories":[128,8,72,142,28,27,3],"tags":[19979,10388,10387],"class_list":{"0":"post-204426","1":"post","2":"type-post","3":"status-publish","4":"format-standard","5":"has-post-thumbnail","7":"category-infraestructuras","8":"category-la-comarca","9":"category-sin-categorizar","10":"category-politica-la-comarca","11":"category-requena","12":"category-requena-utiel","13":"category-seccion","14":"tag-proteccion-civil-de-requena","15":"tag-requena","16":"tag-requena-utiel"},"_links":{"self":[{"href":"https:\/\/www.tucomarca.com\/wordpress\/segunda\/wp-json\/wp\/v2\/posts\/204426","targetHints":{"allow":["GET"]}}],"collection":[{"href":"https:\/\/www.tucomarca.com\/wordpress\/segunda\/wp-json\/wp\/v2\/posts"}],"about":[{"href":"https:\/\/www.tucomarca.com\/wordpress\/segunda\/wp-json\/wp\/v2\/types\/post"}],"author":[{"embeddable":true,"href":"https:\/\/www.tucomarca.com\/wordpress\/segunda\/wp-json\/wp\/v2\/users\/12"}],"replies":[{"embeddable":true,"href":"https:\/\/www.tucomarca.com\/wordpress\/segunda\/wp-json\/wp\/v2\/comments?post=204426"}],"version-history":[{"count":0,"href":"https:\/\/www.tucomarca.com\/wordpress\/segunda\/wp-json\/wp\/v2\/posts\/204426\/revisions"}],"wp:featuredmedia":[{"embeddable":true,"href":"https:\/\/www.tucomarca.com\/wordpress\/segunda\/wp-json\/wp\/v2\/media\/204428"}],"wp:attachment":[{"href":"https:\/\/www.tucomarca.com\/wordpress\/segunda\/wp-json\/wp\/v2\/media?parent=204426"}],"wp:term":[{"taxonomy":"category","embeddable":true,"href":"https:\/\/www.tucomarca.com\/wordpress\/segunda\/wp-json\/wp\/v2\/categories?post=204426"},{"taxonomy":"post_tag","embeddable":true,"href":"https:\/\/www.tucomarca.com\/wordpress\/segunda\/wp-json\/wp\/v2\/tags?post=204426"}],"curies":[{"name":"wp","href":"https:\/\/api.w.org\/{rel}","templated":true}]}}