{"id":204454,"date":"2023-12-06T09:09:00","date_gmt":"2023-12-06T08:09:00","guid":{"rendered":"https:\/\/www.tucomarca.com\/wordpress\/segunda\/?p=204454"},"modified":"2023-12-06T12:48:12","modified_gmt":"2023-12-06T11:48:12","slug":"el-ayuntamiento-vuelve-a-lanzar-la-campana-compra-en-cheste-compra-en-casa-por-navidad","status":"publish","type":"post","link":"https:\/\/www.tucomarca.com\/wordpress\/segunda\/el-ayuntamiento-vuelve-a-lanzar-la-campana-compra-en-cheste-compra-en-casa-por-navidad\/","title":{"rendered":"El Ayuntamiento vuelve a lanzar la campa\u00f1a \u201cCompra en Cheste, compra en casa, por Navidad\u201d"},"content":{"rendered":"\n<p>Desde la concejal\u00eda de Comercio se ha puesto en marcha, un a\u00f1o m\u00e1s, la acci\u00f3n comercial, \u201cCompra en Cheste, compra en casa, por Navidad\u201d, con el objetivo de incentivar el consumo en el peque\u00f1o y mediano comercio de la localidad.&nbsp;<\/p>\n\n\n\n<p>As\u00ed, desde el 13 de diciembre al 5 de enero, las personas que realicen sus compras en los negocios chestanos participantes en la iniciativa entrar\u00e1n en el sorteo de 10 cheques de 100 euros a gastar de nuevo en los comercios del municipio.<\/p>\n\n\n\n<p>\u00abEl comercio local es una parte vital de nuestra comunidad y por eso animamos a la poblaci\u00f3n a realizar sus compras navide\u00f1as en los establecimientos del pueblo, que tienen mucho que ofrecer\u201d, ha destacado la concejala de Comercio, Brenda Jim\u00e9nez.&nbsp;<\/p>\n\n\n\n<p>Por su parte, el alcalde, Jos\u00e9 Morell, ha incididlo en la importancia del tejido comercial del municipio. \u201cEl comercio local es esencial para nuestra econom\u00eda y con esta campa\u00f1a pretendemos contribuir a que los y las comerciantes tengan una pr\u00f3spera temporada navide\u00f1a\u201d, ha manifestado Morell.<\/p>\n\n\n\n<p>Las personas interesadas en participar en el sorteo deber\u00e1n depositar sus tiques de compra en las urnas habilitadas que los establecimientos podr\u00e1n a su disposici\u00f3n con este fin.<\/p>\n\n\n\n<figure class=\"wp-block-image size-full\"><img loading=\"lazy\" decoding=\"async\" width=\"886\" height=\"885\" src=\"https:\/\/www.tucomarca.com\/wordpress\/segunda\/wp-content\/uploads\/2023\/12\/CompraenCheste.jpg\" alt=\"\" class=\"wp-image-204456\" srcset=\"https:\/\/www.tucomarca.com\/wordpress\/segunda\/wp-content\/uploads\/2023\/12\/CompraenCheste.jpg 886w, https:\/\/www.tucomarca.com\/wordpress\/segunda\/wp-content\/uploads\/2023\/12\/CompraenCheste-300x300.jpg 300w, https:\/\/www.tucomarca.com\/wordpress\/segunda\/wp-content\/uploads\/2023\/12\/CompraenCheste-290x290.jpg 290w, https:\/\/www.tucomarca.com\/wordpress\/segunda\/wp-content\/uploads\/2023\/12\/CompraenCheste-768x767.jpg 768w\" sizes=\"auto, (max-width: 886px) 100vw, 886px\" \/><\/figure>\n","protected":false},"excerpt":{"rendered":"<div class=\"mh-excerpt\">Desde la concejal\u00eda de Comercio se ha puesto en marcha, un a\u00f1o m\u00e1s, la acci\u00f3n comercial, \u201cCompra en Cheste, compra en casa, por Navidad\u201d, con el objetivo de incentivar el consumo en el peque\u00f1o y <a class=\"mh-excerpt-more\" href=\"https:\/\/www.tucomarca.com\/wordpress\/segunda\/el-ayuntamiento-vuelve-a-lanzar-la-campana-compra-en-cheste-compra-en-casa-por-navidad\/\" title=\"El Ayuntamiento vuelve a lanzar la campa\u00f1a \u201cCompra en Cheste, compra en casa, por Navidad\u201d\">[+] <\/a><\/div>\n","protected":false},"author":12,"featured_media":204456,"comment_status":"open","ping_status":"open","sticky":false,"template":"","format":"standard","meta":{"footnotes":""},"categories":[4,17,8,10,142,3],"tags":[339,15587,5952],"class_list":{"0":"post-204454","1":"post","2":"type-post","3":"status-publish","4":"format-standard","5":"has-post-thumbnail","7":"category-agenda","8":"category-cheste","9":"category-la-comarca","10":"category-la-hoya","11":"category-politica-la-comarca","12":"category-seccion","13":"tag-cheste-2","14":"tag-compra-en-cheste","15":"tag-la-hoya-de-bunol-chiva"},"_links":{"self":[{"href":"https:\/\/www.tucomarca.com\/wordpress\/segunda\/wp-json\/wp\/v2\/posts\/204454","targetHints":{"allow":["GET"]}}],"collection":[{"href":"https:\/\/www.tucomarca.com\/wordpress\/segunda\/wp-json\/wp\/v2\/posts"}],"about":[{"href":"https:\/\/www.tucomarca.com\/wordpress\/segunda\/wp-json\/wp\/v2\/types\/post"}],"author":[{"embeddable":true,"href":"https:\/\/www.tucomarca.com\/wordpress\/segunda\/wp-json\/wp\/v2\/users\/12"}],"replies":[{"embeddable":true,"href":"https:\/\/www.tucomarca.com\/wordpress\/segunda\/wp-json\/wp\/v2\/comments?post=204454"}],"version-history":[{"count":0,"href":"https:\/\/www.tucomarca.com\/wordpress\/segunda\/wp-json\/wp\/v2\/posts\/204454\/revisions"}],"wp:featuredmedia":[{"embeddable":true,"href":"https:\/\/www.tucomarca.com\/wordpress\/segunda\/wp-json\/wp\/v2\/media\/204456"}],"wp:attachment":[{"href":"https:\/\/www.tucomarca.com\/wordpress\/segunda\/wp-json\/wp\/v2\/media?parent=204454"}],"wp:term":[{"taxonomy":"category","embeddable":true,"href":"https:\/\/www.tucomarca.com\/wordpress\/segunda\/wp-json\/wp\/v2\/categories?post=204454"},{"taxonomy":"post_tag","embeddable":true,"href":"https:\/\/www.tucomarca.com\/wordpress\/segunda\/wp-json\/wp\/v2\/tags?post=204454"}],"curies":[{"name":"wp","href":"https:\/\/api.w.org\/{rel}","templated":true}]}}