{"id":20446,"date":"2013-11-27T20:12:51","date_gmt":"2013-11-27T17:12:51","guid":{"rendered":"http:\/\/www.tucomarca.com\/wordpress\/segunda\/?p=20446"},"modified":"2013-11-27T20:35:29","modified_gmt":"2013-11-27T17:35:29","slug":"los-bikers-de-chiva-rindieron-a-muy-buen-nivel-en-la-marcha-btt-de-chera","status":"publish","type":"post","link":"https:\/\/www.tucomarca.com\/wordpress\/segunda\/los-bikers-de-chiva-rindieron-a-muy-buen-nivel-en-la-marcha-btt-de-chera\/","title":{"rendered":"Los bikers de Chiva rindieron a muy buen nivel en la marcha BTT de Chera"},"content":{"rendered":"<p><figure id=\"attachment_20447\" aria-describedby=\"caption-attachment-20447\" style=\"width: 300px\" class=\"wp-caption alignleft\"><a href=\"https:\/\/www.tucomarca.com\/wordpress\/segunda\/?attachment_id=20447\" rel=\"attachment wp-att-20447\"><img loading=\"lazy\" decoding=\"async\" src=\"https:\/\/www.tucomarca.com\/wordpress\/segunda\/wp-content\/uploads\/2013\/11\/Podium-masculino-general-copia-300x225.jpg\" alt=\"\" title=\"Podium masculino general copia\" width=\"300\" height=\"225\" class=\"size-medium wp-image-20447\" srcset=\"https:\/\/www.tucomarca.com\/wordpress\/segunda\/wp-content\/uploads\/2013\/11\/Podium-masculino-general-copia-300x225.jpg 300w, https:\/\/www.tucomarca.com\/wordpress\/segunda\/wp-content\/uploads\/2013\/11\/Podium-masculino-general-copia.jpg 960w\" sizes=\"auto, (max-width: 300px) 100vw, 300px\" \/><\/a><figcaption id=\"caption-attachment-20447\" class=\"wp-caption-text\">Podio de la general masculina. tc.c<\/figcaption><\/figure>Rozando los cero grados cent\u00edgrados se encontraron el pasado domingo los participantes de la VI Marcha BTT en la localidad de Chera, organizada por el Club local C.D.Rop\u00e8 junto al Ayuntamiento de la localidad. La competici\u00f3n fue una fiesta del deporte. A pesar del castigador fr\u00edo, 401 bikes iniciaron la prueba a las 09:00h de la ma\u00f1ana con un cielo totalmente despejado. Muchos de ellos se jugaban la posible clasificaci\u00f3n, ya que esta prueba fue la que cerr\u00f3 el Circuito BTT La Serran\u00eda 2013.<br \/>\nEn este evento la organizaci\u00f3n se llev\u00f3 un 10 en avituallamientos, voluntariado, animaci\u00f3n, junto con una excelente locuci\u00f3n que desde el primer momento hasta el \u00faltimo no par\u00f3 de ofrecer aliento.<br \/>\nLos componentes del BikesportChiva se colaron en las mejores posiciones, ya que el incombustible Daniel Dom\u00e9nech firm\u00f3 una 2\u00aa posici\u00f3n de la general y una casi inalcanzable 1\u00aa posici\u00f3n de la categor\u00eda M-30, seguido por Miguel Dom\u00e9nech con una 3\u00aa posici\u00f3n de la categor\u00eda M-30. En categor\u00eda Promesa, Jos\u00e9 Antonio Grau cumpli\u00f3 un sue\u00f1o con una 2\u00aa posici\u00f3n, seguido por muy pocos segundos por Esteban P\u00e9rez que se llev\u00f3 una merecida 3\u00aaposici\u00f3n. Al mismo tiempo, Leandro Guerrero fulmin\u00f3 el crono con una 3\u00aa posici\u00f3n en categor\u00eda M-50. En categor\u00eda femenina Mireia Baquedano, alcanz\u00f3  una  3\u00aa posici\u00f3n en categor\u00eda Promesa-F, un merecido trofeo teniendo en cuenta que pr\u00e1cticamente acaba de aterrizar en el mundo de las competiciones.<br \/>\nPr\u00f3ximamente se publicar\u00e1n las clasificaciones finales del Circuito BTT La Serran\u00eda 2013.  Generando La Gala de Entrega de Premios que se celebrar\u00e1 el pr\u00f3ximo 30 de noviembre a las 17 h en la Cooperativa de Villar del Arzobispo. Informa Lola Grau.<\/p>\n","protected":false},"excerpt":{"rendered":"<div class=\"mh-excerpt\">Rozando los cero grados cent\u00edgrados se encontraron el pasado domingo los participantes de la VI Marcha BTT en la localidad de Chera, organizada por el Club local C.D.Rop\u00e8 junto al Ayuntamiento de la localidad. La <a class=\"mh-excerpt-more\" href=\"https:\/\/www.tucomarca.com\/wordpress\/segunda\/los-bikers-de-chiva-rindieron-a-muy-buen-nivel-en-la-marcha-btt-de-chera\/\" title=\"Los bikers de Chiva rindieron a muy buen nivel en la marcha BTT de Chera\">[+] <\/a><\/div>\n","protected":false},"author":2,"featured_media":20447,"comment_status":"open","ping_status":"open","sticky":false,"template":"","format":"standard","meta":{"footnotes":""},"categories":[16,6,8,10,199,3],"tags":[2420,2422,2421,10384],"class_list":{"0":"post-20446","1":"post","2":"type-post","3":"status-publish","4":"format-standard","5":"has-post-thumbnail","7":"category-chiva","8":"category-deportes","9":"category-la-comarca","10":"category-la-hoya","11":"category-polideportivo","12":"category-seccion","13":"tag-bikers","14":"tag-btt-chera","15":"tag-buen-papel","16":"tag-chiva"},"_links":{"self":[{"href":"https:\/\/www.tucomarca.com\/wordpress\/segunda\/wp-json\/wp\/v2\/posts\/20446","targetHints":{"allow":["GET"]}}],"collection":[{"href":"https:\/\/www.tucomarca.com\/wordpress\/segunda\/wp-json\/wp\/v2\/posts"}],"about":[{"href":"https:\/\/www.tucomarca.com\/wordpress\/segunda\/wp-json\/wp\/v2\/types\/post"}],"author":[{"embeddable":true,"href":"https:\/\/www.tucomarca.com\/wordpress\/segunda\/wp-json\/wp\/v2\/users\/2"}],"replies":[{"embeddable":true,"href":"https:\/\/www.tucomarca.com\/wordpress\/segunda\/wp-json\/wp\/v2\/comments?post=20446"}],"version-history":[{"count":0,"href":"https:\/\/www.tucomarca.com\/wordpress\/segunda\/wp-json\/wp\/v2\/posts\/20446\/revisions"}],"wp:featuredmedia":[{"embeddable":true,"href":"https:\/\/www.tucomarca.com\/wordpress\/segunda\/wp-json\/wp\/v2\/media\/20447"}],"wp:attachment":[{"href":"https:\/\/www.tucomarca.com\/wordpress\/segunda\/wp-json\/wp\/v2\/media?parent=20446"}],"wp:term":[{"taxonomy":"category","embeddable":true,"href":"https:\/\/www.tucomarca.com\/wordpress\/segunda\/wp-json\/wp\/v2\/categories?post=20446"},{"taxonomy":"post_tag","embeddable":true,"href":"https:\/\/www.tucomarca.com\/wordpress\/segunda\/wp-json\/wp\/v2\/tags?post=20446"}],"curies":[{"name":"wp","href":"https:\/\/api.w.org\/{rel}","templated":true}]}}