{"id":20453,"date":"2013-11-27T20:50:03","date_gmt":"2013-11-27T17:50:03","guid":{"rendered":"http:\/\/www.tucomarca.com\/wordpress\/segunda\/?p=20453"},"modified":"2013-11-27T20:50:03","modified_gmt":"2013-11-27T17:50:03","slug":"el-cd-cheste-da-la-baja-a-jon-y-a-eric","status":"publish","type":"post","link":"https:\/\/www.tucomarca.com\/wordpress\/segunda\/el-cd-cheste-da-la-baja-a-jon-y-a-eric\/","title":{"rendered":"El CD Cheste da la baja a Jon y a \u00c9ric"},"content":{"rendered":"<p>El CD Cheste ha decidido prescindir de los servicios de los jugadores \u00c9ric y Jon, ambos por decisi\u00f3n t\u00e9cnica y despu\u00e9s de que no hayan contando con excesivo protagonismo para el entrenador Gustavo Embela en las \u00faltimas semanas. Se debe subrayar que ambos llegaron a La Vi\u00f1a para ser referentes en las alineaciones del equipo amarillo y despu\u00e9s de comenzar como titulares, poco a poco han ido perdiendo protagonismo y sus minutos disputados cada partido han ido siendo cada vez menos. En el caso de Jon ha sido titular en 10 partidos, pero sin embargo en las \u00faltimas tres jornadas tan s\u00f3lo ha jugado 88 minutos, habiendo disputado 752 minutos y marcado tres goles. El delantero \u00c9ric tambi\u00e9n ha anotado tres goles y en las \u00faltimas cuatro jornadas tan s\u00f3lo apareci\u00f3 en el once inicial frente a su ex equipo el SC Requena, jugando 65 minutos.<br \/>\nDesde el club se les desea suerte en su nueva andadura y se les ha dado las gracias por haber formado parte del CD Cheste. La secretar\u00eda t\u00e9cnica est\u00e1 trabajando en busca de nuevas incorporaciones para cubrir los huecos dejados por estos jugadores.<\/p>\n","protected":false},"excerpt":{"rendered":"<div class=\"mh-excerpt\">El CD Cheste ha decidido prescindir de los servicios de los jugadores \u00c9ric y Jon, ambos por decisi\u00f3n t\u00e9cnica y despu\u00e9s de que no hayan contando con excesivo protagonismo para el entrenador Gustavo Embela en <a class=\"mh-excerpt-more\" href=\"https:\/\/www.tucomarca.com\/wordpress\/segunda\/el-cd-cheste-da-la-baja-a-jon-y-a-eric\/\" title=\"El CD Cheste da la baja a Jon y a \u00c9ric\">[+] <\/a><\/div>\n","protected":false},"author":2,"featured_media":0,"comment_status":"open","ping_status":"open","sticky":false,"template":"","format":"standard","meta":{"footnotes":""},"categories":[50,17,6,8,10,3],"tags":[2423,469,1446,2424],"class_list":{"0":"post-20453","1":"post","2":"type-post","3":"status-publish","4":"format-standard","6":"category-futbol-deportes","7":"category-cheste","8":"category-deportes","9":"category-la-comarca","10":"category-la-hoya","11":"category-seccion","12":"tag-bajas","13":"tag-cd-cheste","14":"tag-eric","15":"tag-jon"},"_links":{"self":[{"href":"https:\/\/www.tucomarca.com\/wordpress\/segunda\/wp-json\/wp\/v2\/posts\/20453","targetHints":{"allow":["GET"]}}],"collection":[{"href":"https:\/\/www.tucomarca.com\/wordpress\/segunda\/wp-json\/wp\/v2\/posts"}],"about":[{"href":"https:\/\/www.tucomarca.com\/wordpress\/segunda\/wp-json\/wp\/v2\/types\/post"}],"author":[{"embeddable":true,"href":"https:\/\/www.tucomarca.com\/wordpress\/segunda\/wp-json\/wp\/v2\/users\/2"}],"replies":[{"embeddable":true,"href":"https:\/\/www.tucomarca.com\/wordpress\/segunda\/wp-json\/wp\/v2\/comments?post=20453"}],"version-history":[{"count":0,"href":"https:\/\/www.tucomarca.com\/wordpress\/segunda\/wp-json\/wp\/v2\/posts\/20453\/revisions"}],"wp:attachment":[{"href":"https:\/\/www.tucomarca.com\/wordpress\/segunda\/wp-json\/wp\/v2\/media?parent=20453"}],"wp:term":[{"taxonomy":"category","embeddable":true,"href":"https:\/\/www.tucomarca.com\/wordpress\/segunda\/wp-json\/wp\/v2\/categories?post=20453"},{"taxonomy":"post_tag","embeddable":true,"href":"https:\/\/www.tucomarca.com\/wordpress\/segunda\/wp-json\/wp\/v2\/tags?post=20453"}],"curies":[{"name":"wp","href":"https:\/\/api.w.org\/{rel}","templated":true}]}}