{"id":204605,"date":"2023-12-06T10:00:00","date_gmt":"2023-12-06T09:00:00","guid":{"rendered":"https:\/\/www.tucomarca.com\/wordpress\/segunda\/?p=204605"},"modified":"2023-12-06T12:39:20","modified_gmt":"2023-12-06T11:39:20","slug":"jovenes-utielanos-rinden-homenaje-a-la-constitucion-espanola-con-la-lectura-de-articulos-en-el-dia-previo-a-la-conmemoracion-del-45-aniversario-de-la-carta-magna","status":"publish","type":"post","link":"https:\/\/www.tucomarca.com\/wordpress\/segunda\/jovenes-utielanos-rinden-homenaje-a-la-constitucion-espanola-con-la-lectura-de-articulos-en-el-dia-previo-a-la-conmemoracion-del-45-aniversario-de-la-carta-magna\/","title":{"rendered":"J\u00f3venes utielanos rinden homenaje a la Constituci\u00f3n Espa\u00f1ola con la lectura de art\u00edculos en el d\u00eda previo a la conmemoraci\u00f3n del 45 aniversario de la Carta Magna"},"content":{"rendered":"\n<h3 class=\"wp-block-heading\">El alcalde de Utiel y la concejala de educaci\u00f3n junto a profesorado y estudiantes han dado lectura a diferentes art\u00edculos de la Constituci\u00f3n Espa\u00f1ola promulgada el 6 de diciembre de 1978.<\/h3>\n\n\n\n<figure class=\"wp-block-gallery has-nested-images columns-default is-cropped wp-block-gallery-1 is-layout-flex wp-block-gallery-is-layout-flex\">\n<figure class=\"wp-block-image size-large\"><img loading=\"lazy\" decoding=\"async\" width=\"886\" height=\"591\" data-id=\"204609\" src=\"https:\/\/www.tucomarca.com\/wordpress\/segunda\/wp-content\/uploads\/2023\/12\/UtielConstitucion2.jpg\" alt=\"\" class=\"wp-image-204609\" srcset=\"https:\/\/www.tucomarca.com\/wordpress\/segunda\/wp-content\/uploads\/2023\/12\/UtielConstitucion2.jpg 886w, https:\/\/www.tucomarca.com\/wordpress\/segunda\/wp-content\/uploads\/2023\/12\/UtielConstitucion2-300x200.jpg 300w, https:\/\/www.tucomarca.com\/wordpress\/segunda\/wp-content\/uploads\/2023\/12\/UtielConstitucion2-768x512.jpg 768w\" sizes=\"auto, (max-width: 886px) 100vw, 886px\" \/><\/figure>\n\n\n\n<figure class=\"wp-block-image size-large\"><img loading=\"lazy\" decoding=\"async\" width=\"886\" height=\"591\" data-id=\"204611\" src=\"https:\/\/www.tucomarca.com\/wordpress\/segunda\/wp-content\/uploads\/2023\/12\/UtielConstitucion1.jpg\" alt=\"\" class=\"wp-image-204611\" srcset=\"https:\/\/www.tucomarca.com\/wordpress\/segunda\/wp-content\/uploads\/2023\/12\/UtielConstitucion1.jpg 886w, https:\/\/www.tucomarca.com\/wordpress\/segunda\/wp-content\/uploads\/2023\/12\/UtielConstitucion1-300x200.jpg 300w, https:\/\/www.tucomarca.com\/wordpress\/segunda\/wp-content\/uploads\/2023\/12\/UtielConstitucion1-768x512.jpg 768w\" sizes=\"auto, (max-width: 886px) 100vw, 886px\" \/><\/figure>\n<\/figure>\n\n\n\n<p>Este martes por la ma\u00f1ana, m\u00e1s de medio centenar de alumnos de primaria y secundaria de todos los centros educativos del municipio (CEIP Enrique Rambal, Can\u00f3nigo Mu\u00f1oz, colegio Santa Ana y los IES Alameda y Miguel Ballesteros) han participado en el acto homenaje a la Constituci\u00f3n Espa\u00f1ola celebrado esta ma\u00f1ana en el sal\u00f3n de plenos del Ayuntamiento de Utiel\u00a0<\/p>\n\n\n\n<p>&nbsp;El Ayuntamiento de Utiel, con la colaboraci\u00f3n de centros educativos del municipio, ha querido conmemorar el 45 aniversario de la Constituci\u00f3n Espa\u00f1ola con la lectura de los art\u00edculos de la Carta Magna en un emotivo acto&nbsp; que se iniciaba con las intervenciones del alcalde de Utiel , la concejala de Educaci\u00f3n y profesorado que daban paso al alumnado participante en esta emotiva iniciativa<\/p>\n\n\n\n<p>Un homenaje especial con motivo de la promulgaci\u00f3n de la Constituci\u00f3n Espa\u00f1ola hace 45 a\u00f1os, el 6 de diciembre de 1978 que adem\u00e1s de la lectura del texto constitucional ha incluido la creaci\u00f3n de un mural conmemorativo con art\u00edculos seleccionados por los alumnos de los centros y todas las banderas de las comunidades aut\u00f3nomas que integran Espa\u00f1a.<\/p>\n\n\n\n<p>Una convocatoria con la que el consistorio utielano ha acercado el texto constitucional, s\u00edmbolo de igualdad y libertad , a toda la ciudadan\u00eda y en especial a los m\u00e1s j\u00f3venes.<\/p>\n","protected":false},"excerpt":{"rendered":"<div class=\"mh-excerpt\">El alcalde de Utiel y la concejala de educaci\u00f3n junto a profesorado y estudiantes han dado lectura a diferentes art\u00edculos de la Constituci\u00f3n Espa\u00f1ola promulgada el 6 de diciembre de 1978. Este martes por la <a class=\"mh-excerpt-more\" href=\"https:\/\/www.tucomarca.com\/wordpress\/segunda\/jovenes-utielanos-rinden-homenaje-a-la-constitucion-espanola-con-la-lectura-de-articulos-en-el-dia-previo-a-la-conmemoracion-del-45-aniversario-de-la-carta-magna\/\" title=\"J\u00f3venes utielanos rinden homenaje a la Constituci\u00f3n Espa\u00f1ola con la lectura de art\u00edculos en el d\u00eda previo a la conmemoraci\u00f3n del 45 aniversario de la Carta Magna\">[+] <\/a><\/div>\n","protected":false},"author":12,"featured_media":204607,"comment_status":"open","ping_status":"open","sticky":false,"template":"","format":"gallery","meta":{"footnotes":""},"categories":[8,7,142,27,3,29,45],"tags":[19996,10387,10389],"class_list":{"0":"post-204605","1":"post","2":"type-post","3":"status-publish","4":"format-gallery","5":"has-post-thumbnail","7":"category-la-comarca","8":"category-ocio-y-cultura","9":"category-politica-la-comarca","10":"category-requena-utiel","11":"category-seccion","12":"category-utiel","13":"category-ventana","14":"tag-constitucion-espanola","15":"tag-requena-utiel","16":"tag-utiel","17":"post_format-post-format-gallery"},"_links":{"self":[{"href":"https:\/\/www.tucomarca.com\/wordpress\/segunda\/wp-json\/wp\/v2\/posts\/204605","targetHints":{"allow":["GET"]}}],"collection":[{"href":"https:\/\/www.tucomarca.com\/wordpress\/segunda\/wp-json\/wp\/v2\/posts"}],"about":[{"href":"https:\/\/www.tucomarca.com\/wordpress\/segunda\/wp-json\/wp\/v2\/types\/post"}],"author":[{"embeddable":true,"href":"https:\/\/www.tucomarca.com\/wordpress\/segunda\/wp-json\/wp\/v2\/users\/12"}],"replies":[{"embeddable":true,"href":"https:\/\/www.tucomarca.com\/wordpress\/segunda\/wp-json\/wp\/v2\/comments?post=204605"}],"version-history":[{"count":0,"href":"https:\/\/www.tucomarca.com\/wordpress\/segunda\/wp-json\/wp\/v2\/posts\/204605\/revisions"}],"wp:featuredmedia":[{"embeddable":true,"href":"https:\/\/www.tucomarca.com\/wordpress\/segunda\/wp-json\/wp\/v2\/media\/204607"}],"wp:attachment":[{"href":"https:\/\/www.tucomarca.com\/wordpress\/segunda\/wp-json\/wp\/v2\/media?parent=204605"}],"wp:term":[{"taxonomy":"category","embeddable":true,"href":"https:\/\/www.tucomarca.com\/wordpress\/segunda\/wp-json\/wp\/v2\/categories?post=204605"},{"taxonomy":"post_tag","embeddable":true,"href":"https:\/\/www.tucomarca.com\/wordpress\/segunda\/wp-json\/wp\/v2\/tags?post=204605"}],"curies":[{"name":"wp","href":"https:\/\/api.w.org\/{rel}","templated":true}]}}