{"id":204676,"date":"2023-12-07T12:00:00","date_gmt":"2023-12-07T11:00:00","guid":{"rendered":"https:\/\/www.tucomarca.com\/wordpress\/segunda\/?p=204676"},"modified":"2023-12-07T17:40:34","modified_gmt":"2023-12-07T16:40:34","slug":"vuelve-la-escuela-de-navidad-a-utiel","status":"publish","type":"post","link":"https:\/\/www.tucomarca.com\/wordpress\/segunda\/vuelve-la-escuela-de-navidad-a-utiel\/","title":{"rendered":"Vuelve la Escuela de Navidad a Utiel"},"content":{"rendered":"\n<h4 class=\"wp-block-heading\">Ni\u00f1os y ni\u00f1as de entre 3 y 12 a\u00f1os podr\u00e1n compartir actividades y talleres con tem\u00e1tica navide\u00f1a durante este periodo vacacional<\/h4>\n\n\n\n<p>El Ayuntamiento de Utiel organiza una nueva edici\u00f3n de la \u00abEscuela de Navidad de Utiel\u201d para que los ni\u00f1os y las ni\u00f1as de Utiel puedan disfrutar durante este periodo de vacaciones de actividades especiales de car\u00e1cter l\u00fadico y educativo con la Navidad como protagonista.<\/p>\n\n\n\n<p>Alumnado de infantil y primaria, con edades comprendidas entre 3 y 12 a\u00f1os, podr\u00e1n compartir diferentes actividades, talleres y manualidades con tem\u00e1tica navide\u00f1a.&nbsp;<\/p>\n\n\n\n<p><strong>Escuela de Navidad 2023<\/strong><\/p>\n\n\n\n<p>La Escuela de Navidad oferta 70 plazas para ni\u00f1os y ni\u00f1as de edades comprendidas entre 3 y 12 a\u00f1os que podr\u00e1n disfrutar de actividades educativas y l\u00fadicas con tem\u00e1tica navide\u00f1a daptadas a grupos de infantil y primaria.<\/p>\n\n\n\n<p>&nbsp;El CEIP Can\u00f3nigo Mu\u00f1oz acoger\u00e1 estas sesiones dirigidas por monitores especializados durante los d\u00edas 26, 26, 27,28y 29 de diciembre y los d\u00edas 2, 3 y 4 de enero en horario de 9.30 a 13.30 horas.<\/p>\n\n\n\n<p>Esta Escuela de Navidad tiene como objetivo principal estimular la creatividad, la imaginaci\u00f3n y la expresi\u00f3n mediante din\u00e1micas educativas y l\u00fadicas, creando un espacio para compartir y aprender a trav\u00e9s del juego y favorecer el desarrollo integral de las participantes.&nbsp;<\/p>\n\n\n\n<p>La matr\u00edcula (35 euros) incluye material did\u00e1ctico y para manualidades.&nbsp;<\/p>\n\n\n\n<p><strong>Inscripciones&nbsp;<\/strong><\/p>\n\n\n\n<p>El periodo de inscripci\u00f3n para la Escuela de Navidad de Utiel 2023&nbsp;<strong>se abre el lunes 11 de diciembre a partir de las 9.30 horas, y finaliza el jueves 14 de diciembre.&nbsp;<\/strong><\/p>\n\n\n\n<p><strong>Las solicitudes pueden presentarse exclusivamente de forma presencial en el Servicio de Atenci\u00f3n e Informaci\u00f3n al Ciudadano (SAIC)&nbsp;<\/strong>del Ayuntamiento de Utiel (horario de ma\u00f1anas de 9.30 a 14 horas y tardes, martes y jueves de 17 a 19 horas).&nbsp;<\/p>\n\n\n\n<p>En el caso de que el n\u00famero de inscripciones sea mayor al n\u00famero de plazas ofertadas, tendr\u00e1n preferencia ni\u00f1os\/as empadronados\/as en el municipio y el orden de inscripci\u00f3n (fecha y hora de registro de entrada).&nbsp; <strong>Informaci\u00f3n y consultas<\/strong>: <strong>687 64 44 04 \/&nbsp;<\/strong><a href=\"mailto:juventud@utiel.es\"><strong>juventud@utiel.es<\/strong><\/a><\/p>\n","protected":false},"excerpt":{"rendered":"<div class=\"mh-excerpt\">Ni\u00f1os y ni\u00f1as de entre 3 y 12 a\u00f1os podr\u00e1n compartir actividades y talleres con tem\u00e1tica navide\u00f1a durante este periodo vacacional El Ayuntamiento de Utiel organiza una nueva edici\u00f3n de la \u00abEscuela de Navidad de <a class=\"mh-excerpt-more\" href=\"https:\/\/www.tucomarca.com\/wordpress\/segunda\/vuelve-la-escuela-de-navidad-a-utiel\/\" title=\"Vuelve la Escuela de Navidad a Utiel\">[+] <\/a><\/div>\n","protected":false},"author":12,"featured_media":204678,"comment_status":"open","ping_status":"open","sticky":false,"template":"","format":"standard","meta":{"footnotes":""},"categories":[4,8,7,27,3,29],"tags":[18585,10387,10389],"class_list":{"0":"post-204676","1":"post","2":"type-post","3":"status-publish","4":"format-standard","5":"has-post-thumbnail","7":"category-agenda","8":"category-la-comarca","9":"category-ocio-y-cultura","10":"category-requena-utiel","11":"category-seccion","12":"category-utiel","13":"tag-escuela-de-navidad","14":"tag-requena-utiel","15":"tag-utiel"},"_links":{"self":[{"href":"https:\/\/www.tucomarca.com\/wordpress\/segunda\/wp-json\/wp\/v2\/posts\/204676","targetHints":{"allow":["GET"]}}],"collection":[{"href":"https:\/\/www.tucomarca.com\/wordpress\/segunda\/wp-json\/wp\/v2\/posts"}],"about":[{"href":"https:\/\/www.tucomarca.com\/wordpress\/segunda\/wp-json\/wp\/v2\/types\/post"}],"author":[{"embeddable":true,"href":"https:\/\/www.tucomarca.com\/wordpress\/segunda\/wp-json\/wp\/v2\/users\/12"}],"replies":[{"embeddable":true,"href":"https:\/\/www.tucomarca.com\/wordpress\/segunda\/wp-json\/wp\/v2\/comments?post=204676"}],"version-history":[{"count":0,"href":"https:\/\/www.tucomarca.com\/wordpress\/segunda\/wp-json\/wp\/v2\/posts\/204676\/revisions"}],"wp:featuredmedia":[{"embeddable":true,"href":"https:\/\/www.tucomarca.com\/wordpress\/segunda\/wp-json\/wp\/v2\/media\/204678"}],"wp:attachment":[{"href":"https:\/\/www.tucomarca.com\/wordpress\/segunda\/wp-json\/wp\/v2\/media?parent=204676"}],"wp:term":[{"taxonomy":"category","embeddable":true,"href":"https:\/\/www.tucomarca.com\/wordpress\/segunda\/wp-json\/wp\/v2\/categories?post=204676"},{"taxonomy":"post_tag","embeddable":true,"href":"https:\/\/www.tucomarca.com\/wordpress\/segunda\/wp-json\/wp\/v2\/tags?post=204676"}],"curies":[{"name":"wp","href":"https:\/\/api.w.org\/{rel}","templated":true}]}}