{"id":205145,"date":"2023-12-13T10:00:00","date_gmt":"2023-12-13T09:00:00","guid":{"rendered":"https:\/\/www.tucomarca.com\/wordpress\/segunda\/?p=205145"},"modified":"2023-12-13T10:33:15","modified_gmt":"2023-12-13T09:33:15","slug":"el-ayuntamiento-anuncia-la-escuela-de-navidad-en-requena-y-san-antonio","status":"publish","type":"post","link":"https:\/\/www.tucomarca.com\/wordpress\/segunda\/el-ayuntamiento-anuncia-la-escuela-de-navidad-en-requena-y-san-antonio\/","title":{"rendered":"El Ayuntamiento anuncia la Escuela de Navidad en Requena y San Antonio"},"content":{"rendered":"\n<p>El Ayuntamiento de Requena ha informado que del 26 de diciembre al 5 de enero la Escuela de Navidad estar\u00e1 en marcha en los CEIP Las Higuerillas y en el&nbsp; Manuel Garc\u00eda Izquierdo de San Antonio. Esta iniciativa est\u00e1 abierta para todos los ni\u00f1os y ni\u00f1as, sin importar su colegio o aldea de procedencia.<\/p>\n\n\n\n<p>La actividad, completamente gratuita, ha sido posible gracias a la financiaci\u00f3n de la Conselleria de Educaci\u00f3n, Universidades y Empleo.&nbsp;<\/p>\n\n\n\n<p>Con plazas limitadas, la admisi\u00f3n se realizar\u00e1 por orden de inscripci\u00f3n. Los interesados pueden inscribirse enviando un correo electr\u00f3nico a <a href=\"mailto:anaisalcocer@gmail.com\">anaisalcocer@gmail.com<\/a> antes del 20 de diciembre.<\/p>\n\n\n\n<p>La Escuela de Navidad ofrecer\u00e1 una variada selecci\u00f3n de actividades y tambi\u00e9n contar\u00e1 con un servicio de escuela matinal. Durante estas jornadas, se abordar\u00e1n temas fundamentales como la igualdad, el medio ambiente y la educaci\u00f3n emocional, asegurando un enfoque integral en el desarrollo de los ni\u00f1os y ni\u00f1as.<\/p>\n\n\n\n<p>Dirigido a ni\u00f1os y ni\u00f1as de 3 a 16 a\u00f1os, este programa promete ser una experiencia educativa \u00fanica.&nbsp;Informa, <strong>Luis Ib\u00e1\u00f1ez<\/strong>.<\/p>\n\n\n\n<figure class=\"wp-block-image size-large\"><img loading=\"lazy\" decoding=\"async\" width=\"724\" height=\"1024\" src=\"https:\/\/www.tucomarca.com\/wordpress\/segunda\/wp-content\/uploads\/2023\/12\/RequenaNavidad23-724x1024.jpg\" alt=\"\" class=\"wp-image-205146\" srcset=\"https:\/\/www.tucomarca.com\/wordpress\/segunda\/wp-content\/uploads\/2023\/12\/RequenaNavidad23-724x1024.jpg 724w, https:\/\/www.tucomarca.com\/wordpress\/segunda\/wp-content\/uploads\/2023\/12\/RequenaNavidad23-212x300.jpg 212w, https:\/\/www.tucomarca.com\/wordpress\/segunda\/wp-content\/uploads\/2023\/12\/RequenaNavidad23-768x1086.jpg 768w, https:\/\/www.tucomarca.com\/wordpress\/segunda\/wp-content\/uploads\/2023\/12\/RequenaNavidad23-1086x1536.jpg 1086w, https:\/\/www.tucomarca.com\/wordpress\/segunda\/wp-content\/uploads\/2023\/12\/RequenaNavidad23.jpg 1131w\" sizes=\"auto, (max-width: 724px) 100vw, 724px\" \/><\/figure>\n","protected":false},"excerpt":{"rendered":"<div class=\"mh-excerpt\">El Ayuntamiento de Requena ha informado que del 26 de diciembre al 5 de enero la Escuela de Navidad estar\u00e1 en marcha en los CEIP Las Higuerillas y en el&nbsp; Manuel Garc\u00eda Izquierdo de San <a class=\"mh-excerpt-more\" href=\"https:\/\/www.tucomarca.com\/wordpress\/segunda\/el-ayuntamiento-anuncia-la-escuela-de-navidad-en-requena-y-san-antonio\/\" title=\"El Ayuntamiento anuncia la Escuela de Navidad en Requena y San Antonio\">[+] <\/a><\/div>\n","protected":false},"author":1,"featured_media":205146,"comment_status":"open","ping_status":"open","sticky":false,"template":"","format":"standard","meta":{"footnotes":""},"categories":[4,128,8,28,27,3],"tags":[17324,536,10388,10387],"class_list":{"0":"post-205145","1":"post","2":"type-post","3":"status-publish","4":"format-standard","5":"has-post-thumbnail","7":"category-agenda","8":"category-infraestructuras","9":"category-la-comarca","10":"category-requena","11":"category-requena-utiel","12":"category-seccion","13":"tag-17324","14":"tag-navidad","15":"tag-requena","16":"tag-requena-utiel"},"_links":{"self":[{"href":"https:\/\/www.tucomarca.com\/wordpress\/segunda\/wp-json\/wp\/v2\/posts\/205145","targetHints":{"allow":["GET"]}}],"collection":[{"href":"https:\/\/www.tucomarca.com\/wordpress\/segunda\/wp-json\/wp\/v2\/posts"}],"about":[{"href":"https:\/\/www.tucomarca.com\/wordpress\/segunda\/wp-json\/wp\/v2\/types\/post"}],"author":[{"embeddable":true,"href":"https:\/\/www.tucomarca.com\/wordpress\/segunda\/wp-json\/wp\/v2\/users\/1"}],"replies":[{"embeddable":true,"href":"https:\/\/www.tucomarca.com\/wordpress\/segunda\/wp-json\/wp\/v2\/comments?post=205145"}],"version-history":[{"count":0,"href":"https:\/\/www.tucomarca.com\/wordpress\/segunda\/wp-json\/wp\/v2\/posts\/205145\/revisions"}],"wp:featuredmedia":[{"embeddable":true,"href":"https:\/\/www.tucomarca.com\/wordpress\/segunda\/wp-json\/wp\/v2\/media\/205146"}],"wp:attachment":[{"href":"https:\/\/www.tucomarca.com\/wordpress\/segunda\/wp-json\/wp\/v2\/media?parent=205145"}],"wp:term":[{"taxonomy":"category","embeddable":true,"href":"https:\/\/www.tucomarca.com\/wordpress\/segunda\/wp-json\/wp\/v2\/categories?post=205145"},{"taxonomy":"post_tag","embeddable":true,"href":"https:\/\/www.tucomarca.com\/wordpress\/segunda\/wp-json\/wp\/v2\/tags?post=205145"}],"curies":[{"name":"wp","href":"https:\/\/api.w.org\/{rel}","templated":true}]}}