{"id":205227,"date":"2023-12-15T08:00:00","date_gmt":"2023-12-15T07:00:00","guid":{"rendered":"https:\/\/www.tucomarca.com\/wordpress\/segunda\/?p=205227"},"modified":"2023-12-15T11:23:38","modified_gmt":"2023-12-15T10:23:38","slug":"ava-asaja-denuncia-una-oleada-de-robos-de-citricos-en-la-comunitat-valenciana","status":"publish","type":"post","link":"https:\/\/www.tucomarca.com\/wordpress\/segunda\/ava-asaja-denuncia-una-oleada-de-robos-de-citricos-en-la-comunitat-valenciana\/","title":{"rendered":"AVA-Asaja denuncia una oleada de robos de c\u00edtricos en la Comunitat Valenciana"},"content":{"rendered":"\n<h3 class=\"wp-block-heading\">Los ladrones roban campos enteros e incluso vallados ante la escasez de producci\u00f3n y el aumento de los precios en origen, sobre todo para la industria de zumo&nbsp;<\/h3>\n\n\n\n<p>La Asociaci\u00f3n Valenciana de Agricultores (AVA-Asaja) alerta de una oleada de robos de c\u00edtricos, tanto naranjas como mandarinas, en pr\u00e1cticamente todas las comarcas productoras de la Comunitat Valenciana. La escasez de producci\u00f3n a nivel nacional (la segunda cosecha m\u00e1s corta de la \u00faltima d\u00e9cada) y el aumento de los precios en origen, sobre todo para la industria de zumo, alientan los hurtos que, en algunos casos, dejan campos enteros sin fruta.&nbsp;<\/p>\n\n\n\n<p>El delegado de AVA-Villanueva de Castell\u00f3n, afectado por los primeros robos de la temporada en una parcela que hab\u00eda vallado como medida preventiva, denuncia la creciente incidencia de este problema. Es por ello que se ha visto obligado a implementar la propia vigilancia de sus campos como iniciativa para evitar futuros robos.&nbsp;<\/p>\n\n\n\n<p>Tambi\u00e9n en la comarca de La Ribera Alta, el asociado de Carcaixent, Juan Bautista Salom, ha interpuesto denuncias a la Guardia Civil por el robo de casi 40.000 kilos de naranjas Navelina y Salustiana: \u201cEs la primera vez que sufro robos de c\u00edtricos. Creo que s\u00e9 qui\u00e9n es el ladr\u00f3n, en qu\u00e9 \u2018peladora\u2019 la habr\u00e1 vendido y a qu\u00e9 precio, sobre 5,5 euros el caj\u00f3n de 20 kilos. Me ha robado tres huertos por completo en una campa\u00f1a con poca cosecha, los costes de producci\u00f3n disparados y los precios bastante altos. No hay derecho\u201d.&nbsp;<\/p>\n\n\n\n<p>El responsable de la sectorial de mandarinas de AVA-Asaja, Salvador Juan, tambi\u00e9n ha sido v\u00edctima de robos en sus campos de La Safor. La organizaci\u00f3n agraria reitera a la Delegaci\u00f3n del Gobierno que intensifique la vigilancia tanto en las explotaciones agrarias como en los centros de recepci\u00f3n de mercanc\u00edas supuestamente robadas, donde las fuerzas de seguridad deben comprobar la trazabilidad del producto y la coincidencia de la cantidad entregada con el potencial productivo de la parcela recolectada.&nbsp;<\/p>\n","protected":false},"excerpt":{"rendered":"<div class=\"mh-excerpt\">Los ladrones roban campos enteros e incluso vallados ante la escasez de producci\u00f3n y el aumento de los precios en origen, sobre todo para la industria de zumo&nbsp; La Asociaci\u00f3n Valenciana de Agricultores (AVA-Asaja) alerta <a class=\"mh-excerpt-more\" href=\"https:\/\/www.tucomarca.com\/wordpress\/segunda\/ava-asaja-denuncia-una-oleada-de-robos-de-citricos-en-la-comunitat-valenciana\/\" title=\"AVA-Asaja denuncia una oleada de robos de c\u00edtricos en la Comunitat Valenciana\">[+] <\/a><\/div>\n","protected":false},"author":12,"featured_media":120078,"comment_status":"open","ping_status":"open","sticky":false,"template":"","format":"standard","meta":{"footnotes":""},"categories":[169,46,8,72,42,3,45],"tags":[328,10395,1407,20029],"class_list":{"0":"post-205227","1":"post","2":"type-post","3":"status-publish","4":"format-standard","5":"has-post-thumbnail","7":"category-agricultura-la-comarca","8":"category-camp-de-turia","9":"category-la-comarca","10":"category-sin-categorizar","11":"category-la-ribera","12":"category-seccion","13":"category-ventana","14":"tag-ava-asaja","15":"tag-camp-de-turia","16":"tag-ribera-alta","17":"tag-robos-de-citricos"},"_links":{"self":[{"href":"https:\/\/www.tucomarca.com\/wordpress\/segunda\/wp-json\/wp\/v2\/posts\/205227","targetHints":{"allow":["GET"]}}],"collection":[{"href":"https:\/\/www.tucomarca.com\/wordpress\/segunda\/wp-json\/wp\/v2\/posts"}],"about":[{"href":"https:\/\/www.tucomarca.com\/wordpress\/segunda\/wp-json\/wp\/v2\/types\/post"}],"author":[{"embeddable":true,"href":"https:\/\/www.tucomarca.com\/wordpress\/segunda\/wp-json\/wp\/v2\/users\/12"}],"replies":[{"embeddable":true,"href":"https:\/\/www.tucomarca.com\/wordpress\/segunda\/wp-json\/wp\/v2\/comments?post=205227"}],"version-history":[{"count":0,"href":"https:\/\/www.tucomarca.com\/wordpress\/segunda\/wp-json\/wp\/v2\/posts\/205227\/revisions"}],"wp:featuredmedia":[{"embeddable":true,"href":"https:\/\/www.tucomarca.com\/wordpress\/segunda\/wp-json\/wp\/v2\/media\/120078"}],"wp:attachment":[{"href":"https:\/\/www.tucomarca.com\/wordpress\/segunda\/wp-json\/wp\/v2\/media?parent=205227"}],"wp:term":[{"taxonomy":"category","embeddable":true,"href":"https:\/\/www.tucomarca.com\/wordpress\/segunda\/wp-json\/wp\/v2\/categories?post=205227"},{"taxonomy":"post_tag","embeddable":true,"href":"https:\/\/www.tucomarca.com\/wordpress\/segunda\/wp-json\/wp\/v2\/tags?post=205227"}],"curies":[{"name":"wp","href":"https:\/\/api.w.org\/{rel}","templated":true}]}}