{"id":205231,"date":"2023-12-15T11:00:00","date_gmt":"2023-12-15T10:00:00","guid":{"rendered":"https:\/\/www.tucomarca.com\/wordpress\/segunda\/?p=205231"},"modified":"2023-12-15T11:20:16","modified_gmt":"2023-12-15T10:20:16","slug":"el-ayuntamiento-de-turis-finaliza-las-obras-de-conexion-de-la-red-de-agua-potable-con-cortixelles","status":"publish","type":"post","link":"https:\/\/www.tucomarca.com\/wordpress\/segunda\/el-ayuntamiento-de-turis-finaliza-las-obras-de-conexion-de-la-red-de-agua-potable-con-cortixelles\/","title":{"rendered":"El Ayuntamiento de Tur\u00eds finaliza las obras de conexi\u00f3n de la red de agua potable con Cortixelles"},"content":{"rendered":"\n<p>Recientemente han concluido las obras que han interconectado la red de abastecimiento de agua potable del casco urbano con la zona de Cortixelles, de la cual el ayuntamiento dispone de la concesi\u00f3n.<\/p>\n\n\n\n<p>Una vez obtenidos los resultados anal\u00edticos y la aprobaci\u00f3n del Departamento de Salud P\u00fablica de Manises se ha confirmado la aptitud del agua y, por lo tanto, a partir de ahora pasa a identificarse como agua apta para el consumo.<\/p>\n\n\n\n<p>En pr\u00f3ximas fases, cuando se ampl\u00ede la concesi\u00f3n, tambi\u00e9n se conectar\u00e1 a Canyapar, Les Blasques, Montur, Mas\u00eda Pav\u00eda y Monte Tesoro.<\/p>\n\n\n\n<figure class=\"wp-block-image size-full\"><img loading=\"lazy\" decoding=\"async\" width=\"886\" height=\"591\" src=\"https:\/\/www.tucomarca.com\/wordpress\/segunda\/wp-content\/uploads\/2023\/12\/TurisCortixelles.jpg\" alt=\"\" class=\"wp-image-205234\" srcset=\"https:\/\/www.tucomarca.com\/wordpress\/segunda\/wp-content\/uploads\/2023\/12\/TurisCortixelles.jpg 886w, https:\/\/www.tucomarca.com\/wordpress\/segunda\/wp-content\/uploads\/2023\/12\/TurisCortixelles-300x200.jpg 300w, https:\/\/www.tucomarca.com\/wordpress\/segunda\/wp-content\/uploads\/2023\/12\/TurisCortixelles-768x512.jpg 768w\" sizes=\"auto, (max-width: 886px) 100vw, 886px\" \/><\/figure>\n","protected":false},"excerpt":{"rendered":"<div class=\"mh-excerpt\">Recientemente han concluido las obras que han interconectado la red de abastecimiento de agua potable del casco urbano con la zona de Cortixelles, de la cual el ayuntamiento dispone de la concesi\u00f3n. Una vez obtenidos <a class=\"mh-excerpt-more\" href=\"https:\/\/www.tucomarca.com\/wordpress\/segunda\/el-ayuntamiento-de-turis-finaliza-las-obras-de-conexion-de-la-red-de-agua-potable-con-cortixelles\/\" title=\"El Ayuntamiento de Tur\u00eds finaliza las obras de conexi\u00f3n de la red de agua potable con Cortixelles\">[+] <\/a><\/div>\n","protected":false},"author":12,"featured_media":205236,"comment_status":"open","ping_status":"open","sticky":false,"template":"","format":"standard","meta":{"footnotes":""},"categories":[128,8,42,142,3],"tags":[1407,2604,10394],"class_list":{"0":"post-205231","1":"post","2":"type-post","3":"status-publish","4":"format-standard","5":"has-post-thumbnail","7":"category-infraestructuras","8":"category-la-comarca","9":"category-la-ribera","10":"category-politica-la-comarca","11":"category-seccion","12":"tag-ribera-alta","13":"tag-suministro-agua-potable","14":"tag-turis"},"_links":{"self":[{"href":"https:\/\/www.tucomarca.com\/wordpress\/segunda\/wp-json\/wp\/v2\/posts\/205231","targetHints":{"allow":["GET"]}}],"collection":[{"href":"https:\/\/www.tucomarca.com\/wordpress\/segunda\/wp-json\/wp\/v2\/posts"}],"about":[{"href":"https:\/\/www.tucomarca.com\/wordpress\/segunda\/wp-json\/wp\/v2\/types\/post"}],"author":[{"embeddable":true,"href":"https:\/\/www.tucomarca.com\/wordpress\/segunda\/wp-json\/wp\/v2\/users\/12"}],"replies":[{"embeddable":true,"href":"https:\/\/www.tucomarca.com\/wordpress\/segunda\/wp-json\/wp\/v2\/comments?post=205231"}],"version-history":[{"count":0,"href":"https:\/\/www.tucomarca.com\/wordpress\/segunda\/wp-json\/wp\/v2\/posts\/205231\/revisions"}],"wp:featuredmedia":[{"embeddable":true,"href":"https:\/\/www.tucomarca.com\/wordpress\/segunda\/wp-json\/wp\/v2\/media\/205236"}],"wp:attachment":[{"href":"https:\/\/www.tucomarca.com\/wordpress\/segunda\/wp-json\/wp\/v2\/media?parent=205231"}],"wp:term":[{"taxonomy":"category","embeddable":true,"href":"https:\/\/www.tucomarca.com\/wordpress\/segunda\/wp-json\/wp\/v2\/categories?post=205231"},{"taxonomy":"post_tag","embeddable":true,"href":"https:\/\/www.tucomarca.com\/wordpress\/segunda\/wp-json\/wp\/v2\/tags?post=205231"}],"curies":[{"name":"wp","href":"https:\/\/api.w.org\/{rel}","templated":true}]}}