{"id":205257,"date":"2023-12-14T12:15:00","date_gmt":"2023-12-14T11:15:00","guid":{"rendered":"https:\/\/www.tucomarca.com\/wordpress\/segunda\/?p=205257"},"modified":"2023-12-14T22:54:51","modified_gmt":"2023-12-14T21:54:51","slug":"utiel-en-navidad-arranca-con-el-encendido-del-alumbrado-navideno-y-prepara-novedades-como-el-arbol-de-los-deseos-las-preuvas-o-las-rutas-de-los-villancicos-y-cuentos","status":"publish","type":"post","link":"https:\/\/www.tucomarca.com\/wordpress\/segunda\/utiel-en-navidad-arranca-con-el-encendido-del-alumbrado-navideno-y-prepara-novedades-como-el-arbol-de-los-deseos-las-preuvas-o-las-rutas-de-los-villancicos-y-cuentos\/","title":{"rendered":"\u201cUtiel en Navidad\u201d arranca con el encendido del alumbrado navide\u00f1o y prepara novedades como el \u00e1rbol de los deseos, las pre\u00favas o las rutas de los villancicos y cuentos"},"content":{"rendered":"\n<h3 class=\"wp-block-heading\">Hasta el 7 de enero, el Ayuntamiento de Utiel ha programado actividades culturales, l\u00fadicas y festivas para todos los p\u00fablicos.&nbsp;<\/h3>\n\n\n\n<h3 class=\"wp-block-heading\">La programaci\u00f3n incluye pista de hielo natural,&nbsp; mercado navide\u00f1o, rosc\u00f3n de Reyes Gigante&nbsp; espect\u00e1culos tributo a Raffaella Carr\u00e1 y Michael Jackson y Cantajuegos Navide\u00f1o entre otras actividades.<\/h3>\n\n\n\n<figure class=\"wp-block-image size-large\"><img loading=\"lazy\" decoding=\"async\" width=\"1024\" height=\"592\" src=\"https:\/\/www.tucomarca.com\/wordpress\/segunda\/wp-content\/uploads\/2023\/12\/UtielNavidad2023x-1024x592.jpg\" alt=\"\" class=\"wp-image-205264\" srcset=\"https:\/\/www.tucomarca.com\/wordpress\/segunda\/wp-content\/uploads\/2023\/12\/UtielNavidad2023x-1024x592.jpg 1024w, https:\/\/www.tucomarca.com\/wordpress\/segunda\/wp-content\/uploads\/2023\/12\/UtielNavidad2023x-300x173.jpg 300w, https:\/\/www.tucomarca.com\/wordpress\/segunda\/wp-content\/uploads\/2023\/12\/UtielNavidad2023x-768x444.jpg 768w, https:\/\/www.tucomarca.com\/wordpress\/segunda\/wp-content\/uploads\/2023\/12\/UtielNavidad2023x.jpg 1181w\" sizes=\"auto, (max-width: 1024px) 100vw, 1024px\" \/><\/figure>\n\n\n\n<p>El Ayuntamiento de Utiel ha organizado un programa especial de Navidad con actividades para todos los p\u00fablicos y edades y&nbsp; la destacada participaci\u00f3n e implicaci\u00f3n&nbsp; de entidades y asociaciones del municipio que har\u00e1n brillar las calles de Utiel con actividades culturales , l\u00fadicas y festivas para peque\u00f1os y mayores.<\/p>\n\n\n\n<p>La programaci\u00f3n arranca ma\u00f1ana, 15 de diciembre, con el tradicional encendido oficial de la iluminaci\u00f3n decorativa navide\u00f1a, \u201cUtiel ilumina la Navidad\u201d.A partir de las 17.30 horas, en la Puerta del Sol, los m\u00e1s peque\u00f1os disfrutar\u00e1n con los&nbsp; talleres &nbsp; navide\u00f1os y a las 18 horas llegar\u00e1 uno de los momentoes m\u00e1s esperados, el&nbsp; encendido oficial del alumbrado navide\u00f1 que realizar\u00e1n los j\u00f3venes integrantes&nbsp; del Consejo Local de la Infancia y la Adolescencia de Utiel (CLIA). A continuaci\u00f3n, recital de Villancicos a cargo de los utielanos Bel\u00e9n Gabald\u00f3n a la voz y Gabriel Garc\u00eda al piano.&nbsp; Al finalizar,entrega de Premios del I Concurso de Decoraci\u00f3n de Fachadas Navide\u00f1as que en esta primera edici\u00f3n ha recibido una quincena de inscripciones.<\/p>\n\n\n\n<p>Por quinto a\u00f1o consecutivo, Utiel contin\u00faa vistiendo las calles del municipio con la iluminaci\u00f3n y decoraci\u00f3n navide\u00f1a creando un ambiente festivo especial que a su vez apoya al comercio local en esta campa\u00f1a especial de Navidad.&nbsp; Un a\u00f1o m\u00e1s se apuesta por la tecnonolg\u00eda led como medida de eficiencia energ\u00e9tica.<\/p>\n\n\n\n<p><strong>Novedades: \u00c1rbol de los deseos, Ruta de los Villancicos y Cuentos, D\u00eda de Asociaciones Ben\u00e9ficas y Pre\u00favas<\/strong><\/p>\n\n\n\n<p>Este a\u00f1o se incorporan novedades a la programaci\u00f3n con el esp\u00edritu navide\u00f1o como principal hilo conductor.<\/p>\n\n\n\n<p>Desde el 21 de diciembre y hasta el 5 de enero, la Plaza del Ayuntamiento de Utiel incluir\u00e1 el \u201c\u00c1rbol de los deseos \u201cpara que todos aquellos que lo deseen puedan compartir sus ilusiones en las bolas de Navidad que podr\u00e1n encontrar en establecimientos adheridos a la Asociaci\u00f3n de Industria y Comercio de Utiel.&nbsp;<\/p>\n\n\n\n<p>Este a\u00f1o la Plaza Puerta de las Eras de Utiel se llenar\u00e1 de solidaridad con la celebraci\u00f3n del D\u00eda de las Asociaciones Ben\u00e9ficas del municipio. El viernes 22 de diciembre a partir de las 18 horas, Asociaci\u00f3n de Familiares de Alzheimer AFA Utiel, Junta Local AECC, C\u00e1ritas, Cruz Roja y Asociaci\u00f3n Homenaje a la Ancianidad ofrecer\u00e1n degustaciones de productos t\u00edpicos navide\u00f1os para recaudar fondos para cada una de sus encomiables causas.<\/p>\n\n\n\n<p>Tambi\u00e9n Utiel prepara rutas especiales de Navidad: La de los Villancicos que se celebrar\u00e1 el martes 26 de diciembre de 11 a 13 horas y el 2 de enero, la Ruta de los Cuentos en un recorrido tem\u00e1tico por las librer\u00edas de Utiel.&nbsp;<\/p>\n\n\n\n<p><strong>Otra de las novedades ser\u00e1 la celebraci\u00f3n de las Pre\u00davas- Ma\u00f1anaVieja en Utiel.<\/strong><\/p>\n\n\n\n<p>El s\u00e1bado 30 de diciembre, a las 12.00 horas, Utiel se adelanta as\u00ed a la despedida del a\u00f1o para compartir este momento especial en familia y que los m\u00e1s peque\u00f1os cuenten con sus gusanitos de la suerte en la cuenta atr\u00e1s del 2023 . Para ir despidiendo el a\u00f1o con buen ambiente musical, la Plaza Puerta del Sol se vestir\u00e1 de fiesta con sesi\u00f3n especial de tardeo a partir de las 16.00 horas.<\/p>\n\n\n\n<p><strong>Navidad Joven Utiel&nbsp;<\/strong><\/p>\n\n\n\n<p>Los m\u00e1s j\u00f3venes, contar\u00e1n con programaci\u00f3n especial \u201cNavidad Joven Utiel\u201d que incluye numerosas actividades con la Navidad como hilo conductor: gincanas, artejoven, manualidades \u2026 En esta edici\u00f3n, destacan el Taller intergeneracional de tarjetas navide\u00f1as que se celebrar\u00e1 en las residencias de la tercera edad del municipio los d\u00edas 19 y 20 de diciembre y las actividades de Laser Combat (23 de diciembre) y Bubble Soccer (F\u00fatbol burbuja &#8211; 26 de diciembre) con inscripciones en Centro Joven de Utiel ( 687 64 44 04 \u2013 <a href=\"mailto:juventud@utiel.es\">juventud@utiel.es<\/a> )<\/p>\n\n\n\n<p><strong>Pista de hielo natural, mercadillo navide\u00f1o y Rosc\u00f3n de Reyes Gigante<\/strong><\/p>\n\n\n\n<p>La Pista de Hielo Natural en la Plaza del Ayuntamiento de Utiel se convierte en uno de los grandes atractivos de las Navidades en Utiel. La esperada apertura de la gran pista de patinaje tendr\u00e1 lugar el jueves 21 de diciembre a las 11 horas y permanecer\u00e1 abierta hasta el 7 de enero en horario de 11 a 14.00 horas y de 17 a 22.00 horas. El precio de la entrada ser\u00e1 de 4 euros y aquellos que realicen compras en establecimientos de Utiel, podr\u00e1n obtener un descuento de 1 \u20ac.<\/p>\n\n\n\n<p><strong>Mercadillo navide\u00f1o<\/strong><\/p>\n\n\n\n<p>Del 22 al 24 de diciembre, vuelve el Mercadillo Navide\u00f1o a Utiel. Estar\u00e1 ubicado en la C\/ Beato G\u00e1lvez y contar\u00e1 con diferentes puestos de artesanos, m\u00fasica en directo y animaci\u00f3n de calle con la visita de Papa Noel y personajes de Disney.<\/p>\n\n\n\n<p><strong>Rosc\u00f3n de Reyes Gigante<\/strong><\/p>\n\n\n\n<p>Otro de los cl\u00e1sicos de las navidades en Utiel, el Rosc\u00f3n de Reyes Gigante. El t\u00edpico postre de Reyes volver\u00e1 a endulzar los paladares de cientos de utielanos gracias a la colaboraci\u00f3n de \u201cLa Tahona de Utiel\u201d. Una merienda multitudinaria con el postre t\u00edpico que se celebrar\u00e1 el mi\u00e9rcoles 3 de enero a las 18.00 horas en la Plaza Puerta del Sol para disfrutar de una tarde de convivencia vecinal en el reci\u00e9n estrenado 2024.<\/p>\n\n\n\n<p><strong>Agenda cultural navide\u00f1a<\/strong><\/p>\n\n\n\n<p>Dentro de la amplia programaci\u00f3n cultural, este a\u00f1o destacan espect\u00e1culos tributo de importante proyecci\u00f3n. Como antesala de las fiestas navide\u00f1as, el s\u00e1bado 16 de diciembre a las 19.00 horas, llega al Teatro Rambal \u201cEterna Raffaella\u201d. El musical homenaje a la ic\u00f3nica Raffaella Carr\u00e1, interpretado por Rebeca Querol con coreograf\u00edas divertidas, humor y&nbsp; energ\u00eda en estado puro. Un espect\u00e1culo fiel a la esencia de Raffaella.<\/p>\n\n\n\n<p>El viernes 29 de diciembre, los m\u00e1s peque\u00f1os tambi\u00e9n contar\u00e1n&nbsp; con un espect\u00e1culo especial Navide\u00f1o. El Grupo Cosquillas presenta un nuevo tributo musical a Cantajuegos &nbsp;\u00bb A divertirse en Navidad\u00bb en una tarde especial en la que ni\u00f1os y mayores cantar\u00e1n y bailar\u00e1n&nbsp; con divertidas canciones tanta de Navidad como las tradicionales del grupo infantil.<\/p>\n\n\n\n<p>Y el s\u00e1bado 30 de diciembre, a las 23 horas, llegar\u00e1 el gran Tributo musical a Mickael Jackson de Sergio Cort\u00e9s, la primera parada en Espa\u00f1a de&nbsp; su gira internacional. Elegido por el propio \u00abRey del Pop\u00bb como su doble m\u00e1s fiel, Sergio Cort\u00e9s impresionar\u00e1 con su parecido f\u00edsico y vocal a Mickael Jackson y recrear\u00e1 a la perfecci\u00f3n con vestuario y&nbsp; coreograf\u00edas los grandes shows del m\u00edtico artista.<\/p>\n\n\n\n<p>Una programaci\u00f3n repleta de actividades para toda la ciudadan\u00eda que incluye los tradicionales conciertos de Navidad y A\u00f1o Nuevo con entidades, cine infantil, recital po\u00e9tico por la paz&nbsp; y sobre todo muchas actividades para compartir en la calle toda la familia con la m\u00fasica navide\u00f1a como protagonista.<\/p>\n\n\n\n<p><em>\u201cHemos preparado un programa especial de Navidad pensado para toda la familia. Mayores y peque\u00f1os podr\u00e1n disfrutar con m\u00fasica de villancicos, talleres tem\u00e1ticos, espect\u00e1culos, mercado navide\u00f1o, pista de hielo, degustaci\u00f3n del t\u00edpico rosc\u00f3n \u2026 En definitiva, espero y deseo a toda la ciudadan\u00eda que disfrute de unos d\u00edas entra\u00f1ables con sus seres queridos y quiero agradecer la importante colaboraci\u00f3n del tejido asociativo del municipio para compartir y sentir el esp\u00edritu m\u00e1gico de estos d\u00edas\u201d<\/em> destacaba el alcalde de Utiel, Ricardo Gabald\u00f3n.<\/p>\n\n\n\n<p>Una amplia programaci\u00f3n para todos los p\u00fablicos que puede consultarse en la agenda de la web municipal:&nbsp; www.utiel.es<\/p>\n","protected":false},"excerpt":{"rendered":"<div class=\"mh-excerpt\">Hasta el 7 de enero, el Ayuntamiento de Utiel ha programado actividades culturales, l\u00fadicas y festivas para todos los p\u00fablicos.&nbsp; La programaci\u00f3n incluye pista de hielo natural,&nbsp; mercado navide\u00f1o, rosc\u00f3n de Reyes Gigante&nbsp; espect\u00e1culos tributo <a class=\"mh-excerpt-more\" href=\"https:\/\/www.tucomarca.com\/wordpress\/segunda\/utiel-en-navidad-arranca-con-el-encendido-del-alumbrado-navideno-y-prepara-novedades-como-el-arbol-de-los-deseos-las-preuvas-o-las-rutas-de-los-villancicos-y-cuentos\/\" title=\"\u201cUtiel en Navidad\u201d arranca con el encendido del alumbrado navide\u00f1o y prepara novedades como el \u00e1rbol de los deseos, las pre\u00favas o las rutas de los villancicos y cuentos\">[+] <\/a><\/div>\n","protected":false},"author":12,"featured_media":205262,"comment_status":"open","ping_status":"open","sticky":false,"template":"","format":"standard","meta":{"footnotes":""},"categories":[4,8,7,142,27,3,29],"tags":[20011,10387,10389],"class_list":{"0":"post-205257","1":"post","2":"type-post","3":"status-publish","4":"format-standard","5":"has-post-thumbnail","7":"category-agenda","8":"category-la-comarca","9":"category-ocio-y-cultura","10":"category-politica-la-comarca","11":"category-requena-utiel","12":"category-seccion","13":"category-utiel","14":"tag-navidad-2023","15":"tag-requena-utiel","16":"tag-utiel"},"_links":{"self":[{"href":"https:\/\/www.tucomarca.com\/wordpress\/segunda\/wp-json\/wp\/v2\/posts\/205257","targetHints":{"allow":["GET"]}}],"collection":[{"href":"https:\/\/www.tucomarca.com\/wordpress\/segunda\/wp-json\/wp\/v2\/posts"}],"about":[{"href":"https:\/\/www.tucomarca.com\/wordpress\/segunda\/wp-json\/wp\/v2\/types\/post"}],"author":[{"embeddable":true,"href":"https:\/\/www.tucomarca.com\/wordpress\/segunda\/wp-json\/wp\/v2\/users\/12"}],"replies":[{"embeddable":true,"href":"https:\/\/www.tucomarca.com\/wordpress\/segunda\/wp-json\/wp\/v2\/comments?post=205257"}],"version-history":[{"count":0,"href":"https:\/\/www.tucomarca.com\/wordpress\/segunda\/wp-json\/wp\/v2\/posts\/205257\/revisions"}],"wp:featuredmedia":[{"embeddable":true,"href":"https:\/\/www.tucomarca.com\/wordpress\/segunda\/wp-json\/wp\/v2\/media\/205262"}],"wp:attachment":[{"href":"https:\/\/www.tucomarca.com\/wordpress\/segunda\/wp-json\/wp\/v2\/media?parent=205257"}],"wp:term":[{"taxonomy":"category","embeddable":true,"href":"https:\/\/www.tucomarca.com\/wordpress\/segunda\/wp-json\/wp\/v2\/categories?post=205257"},{"taxonomy":"post_tag","embeddable":true,"href":"https:\/\/www.tucomarca.com\/wordpress\/segunda\/wp-json\/wp\/v2\/tags?post=205257"}],"curies":[{"name":"wp","href":"https:\/\/api.w.org\/{rel}","templated":true}]}}